{"id":14976,"date":"2023-06-17T14:11:52","date_gmt":"2023-06-17T14:11:52","guid":{"rendered":"https:\/\/redebeneditina.org.br\/cjn\/?p=14976"},"modified":"2023-06-17T14:25:30","modified_gmt":"2023-06-17T14:25:30","slug":"semana-literaria-2023","status":"publish","type":"post","link":"https:\/\/redebeneditina.org.br\/cjn\/semana-literaria-2023\/","title":{"rendered":"Semana Liter\u00e1ria 2023"},"content":{"rendered":"<p>Iniciamos a Semana Liter\u00e1ria do Ensino Fundamental I, do Col\u00e9gio Jesus de Nazar\u00e9, com o tema: &#8221; Hist\u00f3ria al\u00e9m das p\u00e1ginas &#8220;, com o intuito de estimular cada vez mais crian\u00e7as, jovens e adultos \u00e0 leitura, levando-os ao encanto de ler e no entendimento de que ler \u00e9 para a vida.<\/p>\n<p><strong>Semana Liter\u00e1ria &#8211; 4\u00ba dia<\/strong><\/p>\nngg_shortcode_0_placeholder\n<p><strong>Semana Liter\u00e1ria &#8211; 3\u00ba dia<\/strong><\/p>\nngg_shortcode_1_placeholder\n<p><strong>Semana Liter\u00e1ria &#8211; 2\u00ba dia<\/strong><\/p>\nngg_shortcode_2_placeholder\n<p><strong>Semana Liter\u00e1ria &#8211; 1\u00ba dia<\/strong><\/p>\nngg_shortcode_3_placeholder\n","protected":false},"excerpt":{"rendered":"<p>Iniciamos a Semana Liter\u00e1ria do Ensino Fundamental I, do Col\u00e9gio Jesus de Nazar\u00e9, com o tema: &#8221; Hist\u00f3ria al\u00e9m das p\u00e1ginas &#8220;, com o intuito de estimular cada vez mais crian\u00e7as, jovens e adultos \u00e0 leitura, levando-os ao encanto de ler e no entendimento de que ler \u00e9 para a vida. Semana Liter\u00e1ria &#8211; 4\u00ba&#8230;<\/p>\n","protected":false},"author":4,"featured_media":14977,"comment_status":"closed","ping_status":"closed","sticky":false,"template":"","format":"standard","meta":{"_monsterinsights_skip_tracking":false,"_monsterinsights_sitenote_active":false,"_monsterinsights_sitenote_note":"","_monsterinsights_sitenote_category":0,"ngg_post_thumbnail":0,"footnotes":""},"categories":[84,89,82],"tags":[],"class_list":["post-14976","post","type-post","status-publish","format-standard","has-post-thumbnail","hentry","category-ano-2023","category-ens-fund_i","category-noticias"],"_links":{"self":[{"href":"https:\/\/redebeneditina.org.br\/cjn\/wp-json\/wp\/v2\/posts\/14976","targetHints":{"allow":["GET"]}}],"collection":[{"href":"https:\/\/redebeneditina.org.br\/cjn\/wp-json\/wp\/v2\/posts"}],"about":[{"href":"https:\/\/redebeneditina.org.br\/cjn\/wp-json\/wp\/v2\/types\/post"}],"author":[{"embeddable":true,"href":"https:\/\/redebeneditina.org.br\/cjn\/wp-json\/wp\/v2\/users\/4"}],"replies":[{"embeddable":true,"href":"https:\/\/redebeneditina.org.br\/cjn\/wp-json\/wp\/v2\/comments?post=14976"}],"version-history":[{"count":0,"href":"https:\/\/redebeneditina.org.br\/cjn\/wp-json\/wp\/v2\/posts\/14976\/revisions"}],"wp:featuredmedia":[{"embeddable":true,"href":"https:\/\/redebeneditina.org.br\/cjn\/wp-json\/wp\/v2\/media\/14977"}],"wp:attachment":[{"href":"https:\/\/redebeneditina.org.br\/cjn\/wp-json\/wp\/v2\/media?parent=14976"}],"wp:term":[{"taxonomy":"category","embeddable":true,"href":"https:\/\/redebeneditina.org.br\/cjn\/wp-json\/wp\/v2\/categories?post=14976"},{"taxonomy":"post_tag","embeddable":true,"href":"https:\/\/redebeneditina.org.br\/cjn\/wp-json\/wp\/v2\/tags?post=14976"}],"curies":[{"name":"wp","href":"https:\/\/api.w.org\/{rel}","templated":true}]}}