{"id":14986,"date":"2023-06-17T14:12:45","date_gmt":"2023-06-17T14:12:45","guid":{"rendered":"https:\/\/redebeneditina.org.br\/cjn\/?p=14986"},"modified":"2023-06-17T14:30:53","modified_gmt":"2023-06-17T14:30:53","slug":"projeto-as-profissoes-passeio-bombeiros-ed-infantil","status":"publish","type":"post","link":"https:\/\/redebeneditina.org.br\/cjn\/projeto-as-profissoes-passeio-bombeiros-ed-infantil\/","title":{"rendered":"Projeto as Profiss\u00f5es &#8211; Passeio Bombeiros &#8211; Ed. Infantil"},"content":{"rendered":"<p>Hoje finalizamos o Projeto as Profiss\u00f5es da Educa\u00e7\u00e3o Infantil com a visita das crian\u00e7as ao Corpo de Bombeiro. Profiss\u00e3o essa que tem o conhecimento e habilidade para proteger as pessoas e patrim\u00f4nio contra inc\u00eandios e outros perigos.<\/p>\n<p>As profiss\u00f5es, ocupam uma parte especial no imagin\u00e1rio infantil.<\/p>\n<p>Confira as fotos:<\/p>\nngg_shortcode_0_placeholder\n<p>Confira o v\u00eddeo:<\/p>\n<p><a href=\"https:\/\/www.instagram.com\/reel\/Cs4EZU_gQ-q\/?utm_source=ig_web_copy_link&amp;igshid=MmJiY2I4NDBkZg\">https:\/\/www.instagram.com\/reel\/Cs4EZU_gQ-q\/?utm_source=ig_web_copy_link&amp;igshid=MmJiY2I4NDBkZg<\/a><\/p>\n","protected":false},"excerpt":{"rendered":"<p>Hoje finalizamos o Projeto as Profiss\u00f5es da Educa\u00e7\u00e3o Infantil com a visita das crian\u00e7as ao Corpo de Bombeiro. Profiss\u00e3o essa que tem o conhecimento e habilidade para proteger as pessoas e patrim\u00f4nio contra inc\u00eandios e outros perigos. As profiss\u00f5es, ocupam uma parte especial no imagin\u00e1rio infantil. Confira as fotos: &nbsp; Confira o v\u00eddeo: https:\/\/www.instagram.com\/reel\/Cs4EZU_gQ-q\/?utm_source=ig_web_copy_link&amp;igshid=MmJiY2I4NDBkZg<\/p>\n","protected":false},"author":4,"featured_media":14987,"comment_status":"closed","ping_status":"closed","sticky":false,"template":"","format":"standard","meta":{"_monsterinsights_skip_tracking":false,"_monsterinsights_sitenote_active":false,"_monsterinsights_sitenote_note":"","_monsterinsights_sitenote_category":0,"ngg_post_thumbnail":0,"footnotes":""},"categories":[84,88,82],"tags":[],"class_list":["post-14986","post","type-post","status-publish","format-standard","has-post-thumbnail","hentry","category-ano-2023","category-ed-infantil","category-noticias"],"_links":{"self":[{"href":"https:\/\/redebeneditina.org.br\/cjn\/wp-json\/wp\/v2\/posts\/14986","targetHints":{"allow":["GET"]}}],"collection":[{"href":"https:\/\/redebeneditina.org.br\/cjn\/wp-json\/wp\/v2\/posts"}],"about":[{"href":"https:\/\/redebeneditina.org.br\/cjn\/wp-json\/wp\/v2\/types\/post"}],"author":[{"embeddable":true,"href":"https:\/\/redebeneditina.org.br\/cjn\/wp-json\/wp\/v2\/users\/4"}],"replies":[{"embeddable":true,"href":"https:\/\/redebeneditina.org.br\/cjn\/wp-json\/wp\/v2\/comments?post=14986"}],"version-history":[{"count":0,"href":"https:\/\/redebeneditina.org.br\/cjn\/wp-json\/wp\/v2\/posts\/14986\/revisions"}],"wp:featuredmedia":[{"embeddable":true,"href":"https:\/\/redebeneditina.org.br\/cjn\/wp-json\/wp\/v2\/media\/14987"}],"wp:attachment":[{"href":"https:\/\/redebeneditina.org.br\/cjn\/wp-json\/wp\/v2\/media?parent=14986"}],"wp:term":[{"taxonomy":"category","embeddable":true,"href":"https:\/\/redebeneditina.org.br\/cjn\/wp-json\/wp\/v2\/categories?post=14986"},{"taxonomy":"post_tag","embeddable":true,"href":"https:\/\/redebeneditina.org.br\/cjn\/wp-json\/wp\/v2\/tags?post=14986"}],"curies":[{"name":"wp","href":"https:\/\/api.w.org\/{rel}","templated":true}]}}