{"id":16618,"date":"2023-07-10T12:27:22","date_gmt":"2023-07-10T15:27:22","guid":{"rendered":"https:\/\/redebeneditina.org.br\/cjn\/?p=16618"},"modified":"2023-07-10T12:27:22","modified_gmt":"2023-07-10T15:27:22","slug":"aprovacao-de-larissa-queiroz-ufpi","status":"publish","type":"post","link":"https:\/\/redebeneditina.org.br\/cjn\/aprovacao-de-larissa-queiroz-ufpi\/","title":{"rendered":"Aprova\u00e7\u00e3o de Larissa Queiroz &#8211; UFPI"},"content":{"rendered":"<p>O CJN parabeniza a aluna Larissa Queiroz por sua aprova\u00e7\u00e3o no curso de Ci\u00eancias Cont\u00e1beis na UFPI.<\/p>\n","protected":false},"excerpt":{"rendered":"<p>O CJN parabeniza a aluna Larissa Queiroz por sua aprova\u00e7\u00e3o no curso de Ci\u00eancias Cont\u00e1beis na UFPI.<\/p>\n","protected":false},"author":4,"featured_media":16619,"comment_status":"closed","ping_status":"closed","sticky":false,"template":"","format":"standard","meta":{"_monsterinsights_skip_tracking":false,"_monsterinsights_sitenote_active":false,"_monsterinsights_sitenote_note":"","_monsterinsights_sitenote_category":0,"ngg_post_thumbnail":0,"footnotes":""},"categories":[84,91,82],"tags":[],"class_list":["post-16618","post","type-post","status-publish","format-standard","has-post-thumbnail","hentry","category-ano-2023","category-ens-medio","category-noticias"],"_links":{"self":[{"href":"https:\/\/redebeneditina.org.br\/cjn\/wp-json\/wp\/v2\/posts\/16618","targetHints":{"allow":["GET"]}}],"collection":[{"href":"https:\/\/redebeneditina.org.br\/cjn\/wp-json\/wp\/v2\/posts"}],"about":[{"href":"https:\/\/redebeneditina.org.br\/cjn\/wp-json\/wp\/v2\/types\/post"}],"author":[{"embeddable":true,"href":"https:\/\/redebeneditina.org.br\/cjn\/wp-json\/wp\/v2\/users\/4"}],"replies":[{"embeddable":true,"href":"https:\/\/redebeneditina.org.br\/cjn\/wp-json\/wp\/v2\/comments?post=16618"}],"version-history":[{"count":0,"href":"https:\/\/redebeneditina.org.br\/cjn\/wp-json\/wp\/v2\/posts\/16618\/revisions"}],"wp:featuredmedia":[{"embeddable":true,"href":"https:\/\/redebeneditina.org.br\/cjn\/wp-json\/wp\/v2\/media\/16619"}],"wp:attachment":[{"href":"https:\/\/redebeneditina.org.br\/cjn\/wp-json\/wp\/v2\/media?parent=16618"}],"wp:term":[{"taxonomy":"category","embeddable":true,"href":"https:\/\/redebeneditina.org.br\/cjn\/wp-json\/wp\/v2\/categories?post=16618"},{"taxonomy":"post_tag","embeddable":true,"href":"https:\/\/redebeneditina.org.br\/cjn\/wp-json\/wp\/v2\/tags?post=16618"}],"curies":[{"name":"wp","href":"https:\/\/api.w.org\/{rel}","templated":true}]}}