{"id":16728,"date":"2023-07-12T15:46:23","date_gmt":"2023-07-12T18:46:23","guid":{"rendered":"https:\/\/redebeneditina.org.br\/cjn\/?p=16728"},"modified":"2023-07-12T15:46:23","modified_gmt":"2023-07-12T18:46:23","slug":"missa-em-honra-a-sao-bento","status":"publish","type":"post","link":"https:\/\/redebeneditina.org.br\/cjn\/missa-em-honra-a-sao-bento\/","title":{"rendered":"Missa em Honra a S\u00e3o Bento"},"content":{"rendered":"<p>Neste 11 de julho, nossa Igreja celebra a mem\u00f3ria de S\u00e3o Bento, que dedicou a sua vida a ora\u00e7\u00e3o e a medita\u00e7\u00e3o.<\/p>\n<p>Ele nasceu em N\u00farcia, em uma nobre fam\u00edlia que o enviou para estudar em Roma. Por conta das invas\u00f5es dos b\u00e1rbaros e indignados, o santo optou por se retirar e manter-se isolado em uma gruta, nas montanhas da \u00dambria.<\/p>\n<p>Foi realizado a Santa Missa em honra a S\u00e3o Bento na capela do col\u00e9gio. Nesta ocasi\u00e3o especial, tivemoss a oportunidade de louvar e render gra\u00e7as a S\u00e3o Bento por suas intercess\u00f5es e pela sua inspira\u00e7\u00e3o em nossas vidas.<\/p>\n<p>Um momento em que renovamos nossa f\u00e9 e fortalecemos nossos la\u00e7os de comunidade educativa como escola em pastoral.<\/p>\n<p>Confira as fotos:<\/p>\nngg_shortcode_0_placeholder\n","protected":false},"excerpt":{"rendered":"<p>Neste 11 de julho, nossa Igreja celebra a mem\u00f3ria de S\u00e3o Bento, que dedicou a sua vida a ora\u00e7\u00e3o e a medita\u00e7\u00e3o. Ele nasceu em N\u00farcia, em uma nobre fam\u00edlia que o enviou para estudar em Roma. Por conta das invas\u00f5es dos b\u00e1rbaros e indignados, o santo optou por se retirar e manter-se isolado em&#8230;<\/p>\n","protected":false},"author":4,"featured_media":16729,"comment_status":"closed","ping_status":"closed","sticky":false,"template":"","format":"standard","meta":{"_monsterinsights_skip_tracking":false,"_monsterinsights_sitenote_active":false,"_monsterinsights_sitenote_note":"","_monsterinsights_sitenote_category":0,"ngg_post_thumbnail":0,"footnotes":""},"categories":[84,82],"tags":[],"class_list":["post-16728","post","type-post","status-publish","format-standard","has-post-thumbnail","hentry","category-ano-2023","category-noticias"],"_links":{"self":[{"href":"https:\/\/redebeneditina.org.br\/cjn\/wp-json\/wp\/v2\/posts\/16728","targetHints":{"allow":["GET"]}}],"collection":[{"href":"https:\/\/redebeneditina.org.br\/cjn\/wp-json\/wp\/v2\/posts"}],"about":[{"href":"https:\/\/redebeneditina.org.br\/cjn\/wp-json\/wp\/v2\/types\/post"}],"author":[{"embeddable":true,"href":"https:\/\/redebeneditina.org.br\/cjn\/wp-json\/wp\/v2\/users\/4"}],"replies":[{"embeddable":true,"href":"https:\/\/redebeneditina.org.br\/cjn\/wp-json\/wp\/v2\/comments?post=16728"}],"version-history":[{"count":0,"href":"https:\/\/redebeneditina.org.br\/cjn\/wp-json\/wp\/v2\/posts\/16728\/revisions"}],"wp:featuredmedia":[{"embeddable":true,"href":"https:\/\/redebeneditina.org.br\/cjn\/wp-json\/wp\/v2\/media\/16729"}],"wp:attachment":[{"href":"https:\/\/redebeneditina.org.br\/cjn\/wp-json\/wp\/v2\/media?parent=16728"}],"wp:term":[{"taxonomy":"category","embeddable":true,"href":"https:\/\/redebeneditina.org.br\/cjn\/wp-json\/wp\/v2\/categories?post=16728"},{"taxonomy":"post_tag","embeddable":true,"href":"https:\/\/redebeneditina.org.br\/cjn\/wp-json\/wp\/v2\/tags?post=16728"}],"curies":[{"name":"wp","href":"https:\/\/api.w.org\/{rel}","templated":true}]}}