{"id":16967,"date":"2023-08-10T18:03:22","date_gmt":"2023-08-10T21:03:22","guid":{"rendered":"https:\/\/redebeneditina.org.br\/cjn\/?p=16967"},"modified":"2023-08-10T18:03:22","modified_gmt":"2023-08-10T21:03:22","slug":"volta-as-aulas-pre-ii","status":"publish","type":"post","link":"https:\/\/redebeneditina.org.br\/cjn\/volta-as-aulas-pre-ii\/","title":{"rendered":"Volta \u00e0s Aulas &#8211; Pr\u00e9 II"},"content":{"rendered":"<p>Brincar desempenha um papel fundamental no desenvolvimento das crian\u00e7as e \u00e9 uma parte essencial de seu processo de aprendizado. Atrav\u00e9s do brincar, as crian\u00e7as exploram o mundo ao seu redor, adquirem habilidades sociais, emocionais, f\u00edsicas e cognitivas, e desenvolvem sua imagina\u00e7\u00e3o e criatividade.<\/p>\nngg_shortcode_0_placeholder\n","protected":false},"excerpt":{"rendered":"<p>Brincar desempenha um papel fundamental no desenvolvimento das crian\u00e7as e \u00e9 uma parte essencial de seu processo de aprendizado. Atrav\u00e9s do brincar, as crian\u00e7as exploram o mundo ao seu redor, adquirem habilidades sociais, emocionais, f\u00edsicas e cognitivas, e desenvolvem sua imagina\u00e7\u00e3o e criatividade.<\/p>\n","protected":false},"author":4,"featured_media":16968,"comment_status":"closed","ping_status":"closed","sticky":false,"template":"","format":"standard","meta":{"_monsterinsights_skip_tracking":false,"_monsterinsights_sitenote_active":false,"_monsterinsights_sitenote_note":"","_monsterinsights_sitenote_category":0,"ngg_post_thumbnail":0,"footnotes":""},"categories":[84,88,82],"tags":[],"class_list":["post-16967","post","type-post","status-publish","format-standard","has-post-thumbnail","hentry","category-ano-2023","category-ed-infantil","category-noticias"],"_links":{"self":[{"href":"https:\/\/redebeneditina.org.br\/cjn\/wp-json\/wp\/v2\/posts\/16967","targetHints":{"allow":["GET"]}}],"collection":[{"href":"https:\/\/redebeneditina.org.br\/cjn\/wp-json\/wp\/v2\/posts"}],"about":[{"href":"https:\/\/redebeneditina.org.br\/cjn\/wp-json\/wp\/v2\/types\/post"}],"author":[{"embeddable":true,"href":"https:\/\/redebeneditina.org.br\/cjn\/wp-json\/wp\/v2\/users\/4"}],"replies":[{"embeddable":true,"href":"https:\/\/redebeneditina.org.br\/cjn\/wp-json\/wp\/v2\/comments?post=16967"}],"version-history":[{"count":0,"href":"https:\/\/redebeneditina.org.br\/cjn\/wp-json\/wp\/v2\/posts\/16967\/revisions"}],"wp:featuredmedia":[{"embeddable":true,"href":"https:\/\/redebeneditina.org.br\/cjn\/wp-json\/wp\/v2\/media\/16968"}],"wp:attachment":[{"href":"https:\/\/redebeneditina.org.br\/cjn\/wp-json\/wp\/v2\/media?parent=16967"}],"wp:term":[{"taxonomy":"category","embeddable":true,"href":"https:\/\/redebeneditina.org.br\/cjn\/wp-json\/wp\/v2\/categories?post=16967"},{"taxonomy":"post_tag","embeddable":true,"href":"https:\/\/redebeneditina.org.br\/cjn\/wp-json\/wp\/v2\/tags?post=16967"}],"curies":[{"name":"wp","href":"https:\/\/api.w.org\/{rel}","templated":true}]}}