{"id":17168,"date":"2023-08-16T20:10:14","date_gmt":"2023-08-16T23:10:14","guid":{"rendered":"https:\/\/redebeneditina.org.br\/cjn\/?p=17168"},"modified":"2023-08-16T20:10:14","modified_gmt":"2023-08-16T23:10:14","slug":"dia-dos-pais-no-cjn","status":"publish","type":"post","link":"https:\/\/redebeneditina.org.br\/cjn\/dia-dos-pais-no-cjn\/","title":{"rendered":"Dia dos Pais no CJN"},"content":{"rendered":"<p>S\u00e1bado (13) celebramos com muita alegria o dia dos Pais, com apresenta\u00e7\u00f5es, jogos de futsal e um delicioso caf\u00e9 da manh\u00e3. Foi um momento m\u00e1gico, vimos os filhos radiantes e pais extremamente participativos.<\/p>\n<p>Confira as fotos:<\/p>\nngg_shortcode_0_placeholder\n","protected":false},"excerpt":{"rendered":"<p>S\u00e1bado (13) celebramos com muita alegria o dia dos Pais, com apresenta\u00e7\u00f5es, jogos de futsal e um delicioso caf\u00e9 da manh\u00e3. Foi um momento m\u00e1gico, vimos os filhos radiantes e pais extremamente participativos. Confira as fotos:<\/p>\n","protected":false},"author":4,"featured_media":17169,"comment_status":"closed","ping_status":"closed","sticky":false,"template":"","format":"standard","meta":{"_monsterinsights_skip_tracking":false,"_monsterinsights_sitenote_active":false,"_monsterinsights_sitenote_note":"","_monsterinsights_sitenote_category":0,"ngg_post_thumbnail":0,"footnotes":""},"categories":[84,88,89,91,82],"tags":[],"class_list":["post-17168","post","type-post","status-publish","format-standard","has-post-thumbnail","hentry","category-ano-2023","category-ed-infantil","category-ens-fund_i","category-ens-medio","category-noticias"],"_links":{"self":[{"href":"https:\/\/redebeneditina.org.br\/cjn\/wp-json\/wp\/v2\/posts\/17168","targetHints":{"allow":["GET"]}}],"collection":[{"href":"https:\/\/redebeneditina.org.br\/cjn\/wp-json\/wp\/v2\/posts"}],"about":[{"href":"https:\/\/redebeneditina.org.br\/cjn\/wp-json\/wp\/v2\/types\/post"}],"author":[{"embeddable":true,"href":"https:\/\/redebeneditina.org.br\/cjn\/wp-json\/wp\/v2\/users\/4"}],"replies":[{"embeddable":true,"href":"https:\/\/redebeneditina.org.br\/cjn\/wp-json\/wp\/v2\/comments?post=17168"}],"version-history":[{"count":0,"href":"https:\/\/redebeneditina.org.br\/cjn\/wp-json\/wp\/v2\/posts\/17168\/revisions"}],"wp:featuredmedia":[{"embeddable":true,"href":"https:\/\/redebeneditina.org.br\/cjn\/wp-json\/wp\/v2\/media\/17169"}],"wp:attachment":[{"href":"https:\/\/redebeneditina.org.br\/cjn\/wp-json\/wp\/v2\/media?parent=17168"}],"wp:term":[{"taxonomy":"category","embeddable":true,"href":"https:\/\/redebeneditina.org.br\/cjn\/wp-json\/wp\/v2\/categories?post=17168"},{"taxonomy":"post_tag","embeddable":true,"href":"https:\/\/redebeneditina.org.br\/cjn\/wp-json\/wp\/v2\/tags?post=17168"}],"curies":[{"name":"wp","href":"https:\/\/api.w.org\/{rel}","templated":true}]}}