{"id":25428,"date":"2024-12-03T14:09:53","date_gmt":"2024-12-03T17:09:53","guid":{"rendered":"https:\/\/redebeneditina.org.br\/cjn\/?p=25428"},"modified":"2024-12-04T14:11:53","modified_gmt":"2024-12-04T17:11:53","slug":"exposicao-de-artes-2o-ano","status":"publish","type":"post","link":"https:\/\/redebeneditina.org.br\/cjn\/exposicao-de-artes-2o-ano\/","title":{"rendered":"Exposi\u00e7\u00e3o de Artes &#8211; 2\u00ba ano"},"content":{"rendered":"<p>Os alunos do 2\u00ba Ano encerrou o per\u00edodo letivo com essa linda exposi\u00e7\u00e3o de Artes, sobre a Monalisa.<\/p>\n<p>Uma releitura cheia de talento e inspira\u00e7\u00e3o que nos mostrou novas perspectivas dessa obra-prima.&nbsp;<\/p>\n<p>Confira o v\u00eddeo em nosso Instagram: <a href=\"https:\/\/www.instagram.com\/p\/DDIX-X_yI-n\/\">https:\/\/www.instagram.com\/p\/DDIX-X_yI-n\/<\/a><\/p>\n<p>&nbsp;<\/p>\n","protected":false},"excerpt":{"rendered":"<p>Os alunos do 2\u00ba Ano encerrou o per\u00edodo letivo com essa linda exposi\u00e7\u00e3o de Artes, sobre a Monalisa. Uma releitura cheia de talento e inspira\u00e7\u00e3o que nos mostrou novas perspectivas dessa obra-prima.&nbsp; Confira o v\u00eddeo em nosso Instagram: https:\/\/www.instagram.com\/p\/DDIX-X_yI-n\/ &nbsp;<\/p>\n","protected":false},"author":4,"featured_media":25429,"comment_status":"closed","ping_status":"closed","sticky":false,"template":"","format":"standard","meta":{"_monsterinsights_skip_tracking":false,"_monsterinsights_sitenote_active":false,"_monsterinsights_sitenote_note":"","_monsterinsights_sitenote_category":0,"ngg_post_thumbnail":0,"footnotes":""},"categories":[107,89,82],"tags":[],"class_list":["post-25428","post","type-post","status-publish","format-standard","has-post-thumbnail","hentry","category-ano-2024","category-ens-fund_i","category-noticias"],"_links":{"self":[{"href":"https:\/\/redebeneditina.org.br\/cjn\/wp-json\/wp\/v2\/posts\/25428","targetHints":{"allow":["GET"]}}],"collection":[{"href":"https:\/\/redebeneditina.org.br\/cjn\/wp-json\/wp\/v2\/posts"}],"about":[{"href":"https:\/\/redebeneditina.org.br\/cjn\/wp-json\/wp\/v2\/types\/post"}],"author":[{"embeddable":true,"href":"https:\/\/redebeneditina.org.br\/cjn\/wp-json\/wp\/v2\/users\/4"}],"replies":[{"embeddable":true,"href":"https:\/\/redebeneditina.org.br\/cjn\/wp-json\/wp\/v2\/comments?post=25428"}],"version-history":[{"count":1,"href":"https:\/\/redebeneditina.org.br\/cjn\/wp-json\/wp\/v2\/posts\/25428\/revisions"}],"predecessor-version":[{"id":25430,"href":"https:\/\/redebeneditina.org.br\/cjn\/wp-json\/wp\/v2\/posts\/25428\/revisions\/25430"}],"wp:featuredmedia":[{"embeddable":true,"href":"https:\/\/redebeneditina.org.br\/cjn\/wp-json\/wp\/v2\/media\/25429"}],"wp:attachment":[{"href":"https:\/\/redebeneditina.org.br\/cjn\/wp-json\/wp\/v2\/media?parent=25428"}],"wp:term":[{"taxonomy":"category","embeddable":true,"href":"https:\/\/redebeneditina.org.br\/cjn\/wp-json\/wp\/v2\/categories?post=25428"},{"taxonomy":"post_tag","embeddable":true,"href":"https:\/\/redebeneditina.org.br\/cjn\/wp-json\/wp\/v2\/tags?post=25428"}],"curies":[{"name":"wp","href":"https:\/\/api.w.org\/{rel}","templated":true}]}}