{"id":25785,"date":"2024-12-20T19:26:59","date_gmt":"2024-12-20T22:26:59","guid":{"rendered":"https:\/\/redebeneditina.org.br\/cjn\/?p=25785"},"modified":"2024-12-20T19:26:59","modified_gmt":"2024-12-20T22:26:59","slug":"formacao-pedagogica-no-colegio-jesus-de-nazare","status":"publish","type":"post","link":"https:\/\/redebeneditina.org.br\/cjn\/formacao-pedagogica-no-colegio-jesus-de-nazare\/","title":{"rendered":"Forma\u00e7\u00e3o pedag\u00f3gica no Col\u00e9gio Jesus de Nazar\u00e9"},"content":{"rendered":"<p>Em 2025, nossos professores est\u00e3o ainda mais preparados para transformar a educa\u00e7\u00e3o!<\/p>\n<p>A forma\u00e7\u00e3o pedag\u00f3gica \u00e9 a base para inovar, compartilhar experi\u00eancias e construir um ensino de qualidade.<\/p>\n<p>Juntos, fazemos a diferen\u00e7a!<\/p>\nngg_shortcode_0_placeholder\n","protected":false},"excerpt":{"rendered":"<p>Em 2025, nossos professores est\u00e3o ainda mais preparados para transformar a educa\u00e7\u00e3o! A forma\u00e7\u00e3o pedag\u00f3gica \u00e9 a base para inovar, compartilhar experi\u00eancias e construir um ensino de qualidade. Juntos, fazemos a diferen\u00e7a!<\/p>\n","protected":false},"author":4,"featured_media":25804,"comment_status":"closed","ping_status":"closed","sticky":false,"template":"","format":"standard","meta":{"_monsterinsights_skip_tracking":false,"_monsterinsights_sitenote_active":false,"_monsterinsights_sitenote_note":"","_monsterinsights_sitenote_category":0,"ngg_post_thumbnail":0,"footnotes":""},"categories":[107,88,89,90,91,82],"tags":[],"class_list":["post-25785","post","type-post","status-publish","format-standard","has-post-thumbnail","hentry","category-ano-2024","category-ed-infantil","category-ens-fund_i","category-ens-fund_ii","category-ens-medio","category-noticias"],"_links":{"self":[{"href":"https:\/\/redebeneditina.org.br\/cjn\/wp-json\/wp\/v2\/posts\/25785","targetHints":{"allow":["GET"]}}],"collection":[{"href":"https:\/\/redebeneditina.org.br\/cjn\/wp-json\/wp\/v2\/posts"}],"about":[{"href":"https:\/\/redebeneditina.org.br\/cjn\/wp-json\/wp\/v2\/types\/post"}],"author":[{"embeddable":true,"href":"https:\/\/redebeneditina.org.br\/cjn\/wp-json\/wp\/v2\/users\/4"}],"replies":[{"embeddable":true,"href":"https:\/\/redebeneditina.org.br\/cjn\/wp-json\/wp\/v2\/comments?post=25785"}],"version-history":[{"count":1,"href":"https:\/\/redebeneditina.org.br\/cjn\/wp-json\/wp\/v2\/posts\/25785\/revisions"}],"predecessor-version":[{"id":25805,"href":"https:\/\/redebeneditina.org.br\/cjn\/wp-json\/wp\/v2\/posts\/25785\/revisions\/25805"}],"wp:featuredmedia":[{"embeddable":true,"href":"https:\/\/redebeneditina.org.br\/cjn\/wp-json\/wp\/v2\/media\/25804"}],"wp:attachment":[{"href":"https:\/\/redebeneditina.org.br\/cjn\/wp-json\/wp\/v2\/media?parent=25785"}],"wp:term":[{"taxonomy":"category","embeddable":true,"href":"https:\/\/redebeneditina.org.br\/cjn\/wp-json\/wp\/v2\/categories?post=25785"},{"taxonomy":"post_tag","embeddable":true,"href":"https:\/\/redebeneditina.org.br\/cjn\/wp-json\/wp\/v2\/tags?post=25785"}],"curies":[{"name":"wp","href":"https:\/\/api.w.org\/{rel}","templated":true}]}}