{"id":26120,"date":"2025-02-20T16:27:15","date_gmt":"2025-02-20T19:27:15","guid":{"rendered":"https:\/\/redebeneditina.org.br\/cjn\/?p=26120"},"modified":"2025-02-20T16:27:15","modified_gmt":"2025-02-20T19:27:15","slug":"encontro-orante-espiritualidade-na-educacao","status":"publish","type":"post","link":"https:\/\/redebeneditina.org.br\/cjn\/encontro-orante-espiritualidade-na-educacao\/","title":{"rendered":"Encontro Orante: Espiritualidade na Educa\u00e7\u00e3o"},"content":{"rendered":"<p>Na manh\u00e3 do dia 15\/02, os colaboradores do Col\u00e9gio Jesus de Nazar\u00e9 se reuniram para um momento de espiritualidade e reflex\u00e3o sobre o nosso papel no mundo.&nbsp;<\/p>\n<p>Inspirados pela passagem \u201cV\u00f3s sois o sal da terra e a luz do mundo\u201d (Mt 5,13-14), renovamos nosso compromisso de iluminar caminhos e semear valores atrav\u00e9s da educa\u00e7\u00e3o.&nbsp;<\/p>\n<p>Que essa viv\u00eancia fortale\u00e7a ainda mais nossa miss\u00e3o de ensinar com amor e f\u00e9!<\/p>\nngg_shortcode_0_placeholder\n","protected":false},"excerpt":{"rendered":"<p>Na manh\u00e3 do dia 15\/02, os colaboradores do Col\u00e9gio Jesus de Nazar\u00e9 se reuniram para um momento de espiritualidade e reflex\u00e3o sobre o nosso papel no mundo.&nbsp; Inspirados pela passagem \u201cV\u00f3s sois o sal da terra e a luz do mundo\u201d (Mt 5,13-14), renovamos nosso compromisso de iluminar caminhos e semear valores atrav\u00e9s da educa\u00e7\u00e3o.&nbsp;&#8230;<\/p>\n","protected":false},"author":4,"featured_media":26152,"comment_status":"closed","ping_status":"closed","sticky":false,"template":"","format":"standard","meta":{"_monsterinsights_skip_tracking":false,"_monsterinsights_sitenote_active":false,"_monsterinsights_sitenote_note":"","_monsterinsights_sitenote_category":0,"ngg_post_thumbnail":0,"footnotes":""},"categories":[108,88,89,90,91,82,96],"tags":[],"class_list":["post-26120","post","type-post","status-publish","format-standard","has-post-thumbnail","hentry","category-ano-2025","category-ed-infantil","category-ens-fund_i","category-ens-fund_ii","category-ens-medio","category-noticias","category-pastoral-escolar"],"_links":{"self":[{"href":"https:\/\/redebeneditina.org.br\/cjn\/wp-json\/wp\/v2\/posts\/26120","targetHints":{"allow":["GET"]}}],"collection":[{"href":"https:\/\/redebeneditina.org.br\/cjn\/wp-json\/wp\/v2\/posts"}],"about":[{"href":"https:\/\/redebeneditina.org.br\/cjn\/wp-json\/wp\/v2\/types\/post"}],"author":[{"embeddable":true,"href":"https:\/\/redebeneditina.org.br\/cjn\/wp-json\/wp\/v2\/users\/4"}],"replies":[{"embeddable":true,"href":"https:\/\/redebeneditina.org.br\/cjn\/wp-json\/wp\/v2\/comments?post=26120"}],"version-history":[{"count":1,"href":"https:\/\/redebeneditina.org.br\/cjn\/wp-json\/wp\/v2\/posts\/26120\/revisions"}],"predecessor-version":[{"id":26153,"href":"https:\/\/redebeneditina.org.br\/cjn\/wp-json\/wp\/v2\/posts\/26120\/revisions\/26153"}],"wp:featuredmedia":[{"embeddable":true,"href":"https:\/\/redebeneditina.org.br\/cjn\/wp-json\/wp\/v2\/media\/26152"}],"wp:attachment":[{"href":"https:\/\/redebeneditina.org.br\/cjn\/wp-json\/wp\/v2\/media?parent=26120"}],"wp:term":[{"taxonomy":"category","embeddable":true,"href":"https:\/\/redebeneditina.org.br\/cjn\/wp-json\/wp\/v2\/categories?post=26120"},{"taxonomy":"post_tag","embeddable":true,"href":"https:\/\/redebeneditina.org.br\/cjn\/wp-json\/wp\/v2\/tags?post=26120"}],"curies":[{"name":"wp","href":"https:\/\/api.w.org\/{rel}","templated":true}]}}