{"id":26377,"date":"2025-03-07T20:27:33","date_gmt":"2025-03-07T23:27:33","guid":{"rendered":"https:\/\/redebeneditina.org.br\/cjn\/?p=26377"},"modified":"2025-03-08T20:30:06","modified_gmt":"2025-03-08T23:30:06","slug":"dia-internacional-da-mulher-no-cjn","status":"publish","type":"post","link":"https:\/\/redebeneditina.org.br\/cjn\/dia-internacional-da-mulher-no-cjn\/","title":{"rendered":"Dia Internacional da Mulher no CJN"},"content":{"rendered":"<div class=\"xdj266r x11i5rnm xat24cr x1mh8g0r x1vvkbs x126k92a\">\n<div dir=\"auto\">MULHER, EXEMPLO DE ESPERAN\u00c7A! <span class=\"html-span xexx8yu x4uap5 x18d9i69 xkhd6sd x1hl2dhg x16tdsg8 x1vvkbs x3nfvp2 x1j61x8r x1fcty0u xdj266r xat24cr xgzva0m xhhsvwb xxymvpz xlup9mm x1kky2od\"><img decoding=\"async\" class=\"xz74otr x168nmei x13lgxp2 x5pf9jr xo71vjh\" src=\"https:\/\/static.xx.fbcdn.net\/images\/emoji.php\/v9\/tf4\/1\/16\/2728.png\" alt=\"\u2728\" width=\"16\" height=\"16\"><\/span><\/div>\n<div dir=\"auto\">&nbsp;<\/div>\n<\/div>\n<div class=\"x11i5rnm xat24cr x1mh8g0r x1vvkbs xtlvy1s x126k92a\">\n<div dir=\"auto\">Hoje foi um dia especial no Col\u00e9gio Jesus de Nazar\u00e9! <span class=\"html-span xexx8yu x4uap5 x18d9i69 xkhd6sd x1hl2dhg x16tdsg8 x1vvkbs x3nfvp2 x1j61x8r x1fcty0u xdj266r xat24cr xgzva0m xhhsvwb xxymvpz xlup9mm x1kky2od\"><img decoding=\"async\" class=\"xz74otr x168nmei x13lgxp2 x5pf9jr xo71vjh\" src=\"https:\/\/static.xx.fbcdn.net\/images\/emoji.php\/v9\/te9\/1\/16\/1f496.png\" alt=\"\ud83d\udc96\" width=\"16\" height=\"16\"><\/span><span class=\"html-span xexx8yu x4uap5 x18d9i69 xkhd6sd x1hl2dhg x16tdsg8 x1vvkbs x3nfvp2 x1j61x8r x1fcty0u xdj266r xat24cr xgzva0m xhhsvwb xxymvpz xlup9mm x1kky2od\"><img decoding=\"async\" class=\"xz74otr x168nmei x13lgxp2 x5pf9jr xo71vjh\" src=\"https:\/\/static.xx.fbcdn.net\/images\/emoji.php\/v9\/tf0\/1\/16\/1f338.png\" alt=\"\ud83c\udf38\" width=\"16\" height=\"16\"><\/span><\/div>\n<div dir=\"auto\">Nossos alunos, da Educa\u00e7\u00e3o Infantil ao Fundamental II, celebraram o Dia Internacional da Mulher com muito carinho, gratid\u00e3o e homenagens emocionantes.<\/div>\n<div dir=\"auto\">Cada sorriso, cada gesto e cada lembran\u00e7a refor\u00e7am a import\u00e2ncia das mulheres que fazem a diferen\u00e7a em nossas vidas!<\/div>\n<div dir=\"auto\">ngg_shortcode_0_placeholderConfira o v\u00eddeo em nosso Instagram: <a href=\"https:\/\/www.instagram.com\/p\/DG8Bng8RdJ2\/\">https:\/\/www.instagram.com\/p\/DG8Bng8RdJ2\/<\/a><\/p>\n<\/div>\n<\/div>\n","protected":false},"excerpt":{"rendered":"<p>MULHER, EXEMPLO DE ESPERAN\u00c7A! &nbsp; Hoje foi um dia especial no Col\u00e9gio Jesus de Nazar\u00e9! Nossos alunos, da Educa\u00e7\u00e3o Infantil ao Fundamental II, celebraram o Dia Internacional da Mulher com muito carinho, gratid\u00e3o e homenagens emocionantes. Cada sorriso, cada gesto e cada lembran\u00e7a refor\u00e7am a import\u00e2ncia das mulheres que fazem a diferen\u00e7a em nossas vidas!&#8230;<\/p>\n","protected":false},"author":4,"featured_media":26389,"comment_status":"closed","ping_status":"closed","sticky":false,"template":"","format":"standard","meta":{"_monsterinsights_skip_tracking":false,"_monsterinsights_sitenote_active":false,"_monsterinsights_sitenote_note":"","_monsterinsights_sitenote_category":0,"ngg_post_thumbnail":0,"footnotes":""},"categories":[108,88,89,90,82],"tags":[],"class_list":["post-26377","post","type-post","status-publish","format-standard","has-post-thumbnail","hentry","category-ano-2025","category-ed-infantil","category-ens-fund_i","category-ens-fund_ii","category-noticias"],"_links":{"self":[{"href":"https:\/\/redebeneditina.org.br\/cjn\/wp-json\/wp\/v2\/posts\/26377","targetHints":{"allow":["GET"]}}],"collection":[{"href":"https:\/\/redebeneditina.org.br\/cjn\/wp-json\/wp\/v2\/posts"}],"about":[{"href":"https:\/\/redebeneditina.org.br\/cjn\/wp-json\/wp\/v2\/types\/post"}],"author":[{"embeddable":true,"href":"https:\/\/redebeneditina.org.br\/cjn\/wp-json\/wp\/v2\/users\/4"}],"replies":[{"embeddable":true,"href":"https:\/\/redebeneditina.org.br\/cjn\/wp-json\/wp\/v2\/comments?post=26377"}],"version-history":[{"count":1,"href":"https:\/\/redebeneditina.org.br\/cjn\/wp-json\/wp\/v2\/posts\/26377\/revisions"}],"predecessor-version":[{"id":26390,"href":"https:\/\/redebeneditina.org.br\/cjn\/wp-json\/wp\/v2\/posts\/26377\/revisions\/26390"}],"wp:featuredmedia":[{"embeddable":true,"href":"https:\/\/redebeneditina.org.br\/cjn\/wp-json\/wp\/v2\/media\/26389"}],"wp:attachment":[{"href":"https:\/\/redebeneditina.org.br\/cjn\/wp-json\/wp\/v2\/media?parent=26377"}],"wp:term":[{"taxonomy":"category","embeddable":true,"href":"https:\/\/redebeneditina.org.br\/cjn\/wp-json\/wp\/v2\/categories?post=26377"},{"taxonomy":"post_tag","embeddable":true,"href":"https:\/\/redebeneditina.org.br\/cjn\/wp-json\/wp\/v2\/tags?post=26377"}],"curies":[{"name":"wp","href":"https:\/\/api.w.org\/{rel}","templated":true}]}}