{"id":27566,"date":"2025-05-19T18:10:26","date_gmt":"2025-05-19T21:10:26","guid":{"rendered":"https:\/\/redebeneditina.org.br\/cjn\/?p=27566"},"modified":"2025-05-19T18:10:26","modified_gmt":"2025-05-19T21:10:26","slug":"cjn-no-oba-olimpiada-brasileira-de-astronomia-e-astronautica","status":"publish","type":"post","link":"https:\/\/redebeneditina.org.br\/cjn\/cjn-no-oba-olimpiada-brasileira-de-astronomia-e-astronautica\/","title":{"rendered":"CJN no OBA \u2013 Olimp\u00edada Brasileira de Astronomia e Astron\u00e1utica"},"content":{"rendered":"<p>Momento de concentra\u00e7\u00e3o e muito conhecimento!<\/p>\n<p>Nossos alunos participaram da OBA \u2013 Olimp\u00edada Brasileira de Astronomia e Astron\u00e1utica, uma iniciativa que estimula a curiosidade cient\u00edfica e o amor pela descoberta.<\/p>\n<p>\u00c9 um orgulho ver nossos estudantes se dedicando e representando o Col\u00e9gio Jesus de Nazar\u00e9 em mais uma jornada de aprendizado!<\/p>\nngg_shortcode_0_placeholder\n","protected":false},"excerpt":{"rendered":"<p>Momento de concentra\u00e7\u00e3o e muito conhecimento! Nossos alunos participaram da OBA \u2013 Olimp\u00edada Brasileira de Astronomia e Astron\u00e1utica, uma iniciativa que estimula a curiosidade cient\u00edfica e o amor pela descoberta. \u00c9 um orgulho ver nossos estudantes se dedicando e representando o Col\u00e9gio Jesus de Nazar\u00e9 em mais uma jornada de aprendizado! &nbsp;<\/p>\n","protected":false},"author":4,"featured_media":27602,"comment_status":"closed","ping_status":"closed","sticky":false,"template":"","format":"standard","meta":{"_monsterinsights_skip_tracking":false,"_monsterinsights_sitenote_active":false,"_monsterinsights_sitenote_note":"","_monsterinsights_sitenote_category":0,"ngg_post_thumbnail":0,"footnotes":""},"categories":[108,90,82],"tags":[],"class_list":["post-27566","post","type-post","status-publish","format-standard","has-post-thumbnail","hentry","category-ano-2025","category-ens-fund_ii","category-noticias"],"_links":{"self":[{"href":"https:\/\/redebeneditina.org.br\/cjn\/wp-json\/wp\/v2\/posts\/27566","targetHints":{"allow":["GET"]}}],"collection":[{"href":"https:\/\/redebeneditina.org.br\/cjn\/wp-json\/wp\/v2\/posts"}],"about":[{"href":"https:\/\/redebeneditina.org.br\/cjn\/wp-json\/wp\/v2\/types\/post"}],"author":[{"embeddable":true,"href":"https:\/\/redebeneditina.org.br\/cjn\/wp-json\/wp\/v2\/users\/4"}],"replies":[{"embeddable":true,"href":"https:\/\/redebeneditina.org.br\/cjn\/wp-json\/wp\/v2\/comments?post=27566"}],"version-history":[{"count":1,"href":"https:\/\/redebeneditina.org.br\/cjn\/wp-json\/wp\/v2\/posts\/27566\/revisions"}],"predecessor-version":[{"id":27603,"href":"https:\/\/redebeneditina.org.br\/cjn\/wp-json\/wp\/v2\/posts\/27566\/revisions\/27603"}],"wp:featuredmedia":[{"embeddable":true,"href":"https:\/\/redebeneditina.org.br\/cjn\/wp-json\/wp\/v2\/media\/27602"}],"wp:attachment":[{"href":"https:\/\/redebeneditina.org.br\/cjn\/wp-json\/wp\/v2\/media?parent=27566"}],"wp:term":[{"taxonomy":"category","embeddable":true,"href":"https:\/\/redebeneditina.org.br\/cjn\/wp-json\/wp\/v2\/categories?post=27566"},{"taxonomy":"post_tag","embeddable":true,"href":"https:\/\/redebeneditina.org.br\/cjn\/wp-json\/wp\/v2\/tags?post=27566"}],"curies":[{"name":"wp","href":"https:\/\/api.w.org\/{rel}","templated":true}]}}