{"id":27636,"date":"2025-05-23T12:47:09","date_gmt":"2025-05-23T15:47:09","guid":{"rendered":"https:\/\/redebeneditina.org.br\/cjn\/?p=27636"},"modified":"2025-05-23T12:47:09","modified_gmt":"2025-05-23T15:47:09","slug":"santa-missa-com-a-coroacao-de-nossa-senhora","status":"publish","type":"post","link":"https:\/\/redebeneditina.org.br\/cjn\/santa-missa-com-a-coroacao-de-nossa-senhora\/","title":{"rendered":"Santa Missa com a Coroa\u00e7\u00e3o de Nossa Senhora"},"content":{"rendered":"<p>Hoje vivemos um momento de profunda f\u00e9 e emo\u00e7\u00e3o no Col\u00e9gio Jesus de Nazar\u00e9! Celebramos a Santa Missa com a Coroa\u00e7\u00e3o de Nossa Senhora, com a presen\u00e7a especial de pais, respons\u00e1veis, alunos e colaboradores.&nbsp;<\/p>\n<p>A Coroa\u00e7\u00e3o de Maria \u00e9 uma tradi\u00e7\u00e3o da Igreja que expressa nosso amor e devo\u00e7\u00e3o \u00e0quela que \u00e9 M\u00e3e de Jesus e nossa M\u00e3e. Ao coro\u00e1-la, reconhecemos seu papel como Rainha do C\u00e9u e modelo de f\u00e9, humildade e entrega a Deus.&nbsp;<\/p>\n<p>A celebra\u00e7\u00e3o foi presidida pelo Pe. Otaniel, p\u00e1roco da Par\u00f3quia Imaculada Concei\u00e7\u00e3o. Que Maria Sant\u00edssima continue a nos guiar com amor e esperan\u00e7a!<\/p>\nngg_shortcode_0_placeholder\n","protected":false},"excerpt":{"rendered":"<p>Hoje vivemos um momento de profunda f\u00e9 e emo\u00e7\u00e3o no Col\u00e9gio Jesus de Nazar\u00e9! Celebramos a Santa Missa com a Coroa\u00e7\u00e3o de Nossa Senhora, com a presen\u00e7a especial de pais, respons\u00e1veis, alunos e colaboradores.&nbsp; A Coroa\u00e7\u00e3o de Maria \u00e9 uma tradi\u00e7\u00e3o da Igreja que expressa nosso amor e devo\u00e7\u00e3o \u00e0quela que \u00e9 M\u00e3e de Jesus&#8230;<\/p>\n","protected":false},"author":4,"featured_media":27792,"comment_status":"closed","ping_status":"closed","sticky":false,"template":"","format":"standard","meta":{"_monsterinsights_skip_tracking":false,"_monsterinsights_sitenote_active":false,"_monsterinsights_sitenote_note":"","_monsterinsights_sitenote_category":0,"ngg_post_thumbnail":0,"footnotes":""},"categories":[108,88,89,90,91,82,96],"tags":[],"class_list":["post-27636","post","type-post","status-publish","format-standard","has-post-thumbnail","hentry","category-ano-2025","category-ed-infantil","category-ens-fund_i","category-ens-fund_ii","category-ens-medio","category-noticias","category-pastoral-escolar"],"_links":{"self":[{"href":"https:\/\/redebeneditina.org.br\/cjn\/wp-json\/wp\/v2\/posts\/27636","targetHints":{"allow":["GET"]}}],"collection":[{"href":"https:\/\/redebeneditina.org.br\/cjn\/wp-json\/wp\/v2\/posts"}],"about":[{"href":"https:\/\/redebeneditina.org.br\/cjn\/wp-json\/wp\/v2\/types\/post"}],"author":[{"embeddable":true,"href":"https:\/\/redebeneditina.org.br\/cjn\/wp-json\/wp\/v2\/users\/4"}],"replies":[{"embeddable":true,"href":"https:\/\/redebeneditina.org.br\/cjn\/wp-json\/wp\/v2\/comments?post=27636"}],"version-history":[{"count":1,"href":"https:\/\/redebeneditina.org.br\/cjn\/wp-json\/wp\/v2\/posts\/27636\/revisions"}],"predecessor-version":[{"id":27793,"href":"https:\/\/redebeneditina.org.br\/cjn\/wp-json\/wp\/v2\/posts\/27636\/revisions\/27793"}],"wp:featuredmedia":[{"embeddable":true,"href":"https:\/\/redebeneditina.org.br\/cjn\/wp-json\/wp\/v2\/media\/27792"}],"wp:attachment":[{"href":"https:\/\/redebeneditina.org.br\/cjn\/wp-json\/wp\/v2\/media?parent=27636"}],"wp:term":[{"taxonomy":"category","embeddable":true,"href":"https:\/\/redebeneditina.org.br\/cjn\/wp-json\/wp\/v2\/categories?post=27636"},{"taxonomy":"post_tag","embeddable":true,"href":"https:\/\/redebeneditina.org.br\/cjn\/wp-json\/wp\/v2\/tags?post=27636"}],"curies":[{"name":"wp","href":"https:\/\/api.w.org\/{rel}","templated":true}]}}