{"id":27880,"date":"2025-05-22T17:51:29","date_gmt":"2025-05-22T20:51:29","guid":{"rendered":"https:\/\/redebeneditina.org.br\/cjn\/?p=27880"},"modified":"2025-06-05T17:51:38","modified_gmt":"2025-06-05T20:51:38","slug":"orgulho-dos-nossos-alunos-do-9o-ano-na-onhb","status":"publish","type":"post","link":"https:\/\/redebeneditina.org.br\/cjn\/orgulho-dos-nossos-alunos-do-9o-ano-na-onhb\/","title":{"rendered":"Orgulho dos nossos alunos do 9\u00ba ano na ONHB!"},"content":{"rendered":"<p>Nossos alunos do 9\u00ba ano est\u00e3o participando da 3\u00aa fase da Olimp\u00edada Nacional de Hist\u00f3ria do Brasil!<\/p>\n<p>Com dedica\u00e7\u00e3o e muito estudo, eles seguem avan\u00e7ando com a orienta\u00e7\u00e3o da professora Audaires Luz.<\/p>\n<p>Vamos juntos na torcida!<\/p>\nngg_shortcode_0_placeholder\n","protected":false},"excerpt":{"rendered":"<p>Nossos alunos do 9\u00ba ano est\u00e3o participando da 3\u00aa fase da Olimp\u00edada Nacional de Hist\u00f3ria do Brasil! Com dedica\u00e7\u00e3o e muito estudo, eles seguem avan\u00e7ando com a orienta\u00e7\u00e3o da professora Audaires Luz. Vamos juntos na torcida!<\/p>\n","protected":false},"author":4,"featured_media":27895,"comment_status":"closed","ping_status":"closed","sticky":false,"template":"","format":"standard","meta":{"_monsterinsights_skip_tracking":false,"_monsterinsights_sitenote_active":false,"_monsterinsights_sitenote_note":"","_monsterinsights_sitenote_category":0,"ngg_post_thumbnail":0,"footnotes":""},"categories":[108,90,82],"tags":[],"class_list":["post-27880","post","type-post","status-publish","format-standard","has-post-thumbnail","hentry","category-ano-2025","category-ens-fund_ii","category-noticias"],"_links":{"self":[{"href":"https:\/\/redebeneditina.org.br\/cjn\/wp-json\/wp\/v2\/posts\/27880","targetHints":{"allow":["GET"]}}],"collection":[{"href":"https:\/\/redebeneditina.org.br\/cjn\/wp-json\/wp\/v2\/posts"}],"about":[{"href":"https:\/\/redebeneditina.org.br\/cjn\/wp-json\/wp\/v2\/types\/post"}],"author":[{"embeddable":true,"href":"https:\/\/redebeneditina.org.br\/cjn\/wp-json\/wp\/v2\/users\/4"}],"replies":[{"embeddable":true,"href":"https:\/\/redebeneditina.org.br\/cjn\/wp-json\/wp\/v2\/comments?post=27880"}],"version-history":[{"count":1,"href":"https:\/\/redebeneditina.org.br\/cjn\/wp-json\/wp\/v2\/posts\/27880\/revisions"}],"predecessor-version":[{"id":27896,"href":"https:\/\/redebeneditina.org.br\/cjn\/wp-json\/wp\/v2\/posts\/27880\/revisions\/27896"}],"wp:featuredmedia":[{"embeddable":true,"href":"https:\/\/redebeneditina.org.br\/cjn\/wp-json\/wp\/v2\/media\/27895"}],"wp:attachment":[{"href":"https:\/\/redebeneditina.org.br\/cjn\/wp-json\/wp\/v2\/media?parent=27880"}],"wp:term":[{"taxonomy":"category","embeddable":true,"href":"https:\/\/redebeneditina.org.br\/cjn\/wp-json\/wp\/v2\/categories?post=27880"},{"taxonomy":"post_tag","embeddable":true,"href":"https:\/\/redebeneditina.org.br\/cjn\/wp-json\/wp\/v2\/tags?post=27880"}],"curies":[{"name":"wp","href":"https:\/\/api.w.org\/{rel}","templated":true}]}}