{"id":27897,"date":"2025-05-28T17:51:53","date_gmt":"2025-05-28T20:51:53","guid":{"rendered":"https:\/\/redebeneditina.org.br\/cjn\/?p=27897"},"modified":"2025-06-05T17:53:32","modified_gmt":"2025-06-05T20:53:32","slug":"seja-bem-vinda-de-volta-irma-meireane","status":"publish","type":"post","link":"https:\/\/redebeneditina.org.br\/cjn\/seja-bem-vinda-de-volta-irma-meireane\/","title":{"rendered":"Seja Bem-vinda de Volta, Irm\u00e3 Meireane!"},"content":{"rendered":"<p>Com alegria no cora\u00e7\u00e3o, celebramos o retorno da querida Irm\u00e3 Meireane \u00e0 nossa escola e \u00e0 nossa rotina!<\/p>\n<p>Seja bem-vinda de volta! Sua presen\u00e7a ilumina nossos dias e fortalece nossa miss\u00e3o de acolher, assistir e educar.<\/p>\n<p>Estamos felizes com seu retorno e prontos para continuar essa caminhada juntos!<\/p>\nngg_shortcode_0_placeholder\n","protected":false},"excerpt":{"rendered":"<p>Com alegria no cora\u00e7\u00e3o, celebramos o retorno da querida Irm\u00e3 Meireane \u00e0 nossa escola e \u00e0 nossa rotina! Seja bem-vinda de volta! Sua presen\u00e7a ilumina nossos dias e fortalece nossa miss\u00e3o de acolher, assistir e educar. Estamos felizes com seu retorno e prontos para continuar essa caminhada juntos!<\/p>\n","protected":false},"author":4,"featured_media":27898,"comment_status":"closed","ping_status":"closed","sticky":false,"template":"","format":"standard","meta":{"_monsterinsights_skip_tracking":false,"_monsterinsights_sitenote_active":false,"_monsterinsights_sitenote_note":"","_monsterinsights_sitenote_category":0,"ngg_post_thumbnail":0,"footnotes":""},"categories":[108,82,96],"tags":[],"class_list":["post-27897","post","type-post","status-publish","format-standard","has-post-thumbnail","hentry","category-ano-2025","category-noticias","category-pastoral-escolar"],"_links":{"self":[{"href":"https:\/\/redebeneditina.org.br\/cjn\/wp-json\/wp\/v2\/posts\/27897","targetHints":{"allow":["GET"]}}],"collection":[{"href":"https:\/\/redebeneditina.org.br\/cjn\/wp-json\/wp\/v2\/posts"}],"about":[{"href":"https:\/\/redebeneditina.org.br\/cjn\/wp-json\/wp\/v2\/types\/post"}],"author":[{"embeddable":true,"href":"https:\/\/redebeneditina.org.br\/cjn\/wp-json\/wp\/v2\/users\/4"}],"replies":[{"embeddable":true,"href":"https:\/\/redebeneditina.org.br\/cjn\/wp-json\/wp\/v2\/comments?post=27897"}],"version-history":[{"count":1,"href":"https:\/\/redebeneditina.org.br\/cjn\/wp-json\/wp\/v2\/posts\/27897\/revisions"}],"predecessor-version":[{"id":27924,"href":"https:\/\/redebeneditina.org.br\/cjn\/wp-json\/wp\/v2\/posts\/27897\/revisions\/27924"}],"wp:featuredmedia":[{"embeddable":true,"href":"https:\/\/redebeneditina.org.br\/cjn\/wp-json\/wp\/v2\/media\/27898"}],"wp:attachment":[{"href":"https:\/\/redebeneditina.org.br\/cjn\/wp-json\/wp\/v2\/media?parent=27897"}],"wp:term":[{"taxonomy":"category","embeddable":true,"href":"https:\/\/redebeneditina.org.br\/cjn\/wp-json\/wp\/v2\/categories?post=27897"},{"taxonomy":"post_tag","embeddable":true,"href":"https:\/\/redebeneditina.org.br\/cjn\/wp-json\/wp\/v2\/tags?post=27897"}],"curies":[{"name":"wp","href":"https:\/\/api.w.org\/{rel}","templated":true}]}}