{"id":28246,"date":"2025-07-11T10:28:39","date_gmt":"2025-07-11T13:28:39","guid":{"rendered":"https:\/\/redebeneditina.org.br\/cjn\/?p=28246"},"modified":"2025-07-21T10:32:48","modified_gmt":"2025-07-21T13:32:48","slug":"encerramento-do-semestre-com-sao-bento-fe-gratidao-e-missao-educativa","status":"publish","type":"post","link":"https:\/\/redebeneditina.org.br\/cjn\/encerramento-do-semestre-com-sao-bento-fe-gratidao-e-missao-educativa\/","title":{"rendered":"Encerramento do Semestre com S\u00e3o Bento: F\u00e9, Gratid\u00e3o e Miss\u00e3o Educativa"},"content":{"rendered":"<p>Com o cora\u00e7\u00e3o cheio de gratid\u00e3o, encerramos nosso semestre letivo com a Santa Missa em honra a S\u00e3o Bento, patrono da vida mon\u00e1stica e modelo de entrega total a Deus. \ud83d\ude4f\u2728<\/p>\n<p>Celebrar este dia ao lado de nossas queridas Irm\u00e3s Beneditinas \u00e9 reafirmar nosso compromisso com uma educa\u00e7\u00e3o que vai al\u00e9m do conhecimento: uma educa\u00e7\u00e3o que acolhe, forma e evangeliza.<\/p>\n<p>S\u00e3o Bento nos ensina a viver a harmonia entre a f\u00e9, o estudo e o trabalho, e \u00e9 exatamente isso que buscamos em cada dia vivido em nossa miss\u00e3o educativa. Que a sua espiritualidade continue a inspirar nossas atitudes e escolhas, guiando nossos passos com sabedoria e serenidade.<\/p>\n<p>A todos que fizeram parte desta caminhada at\u00e9 aqui, nosso muito obrigado. Que Deus, por intercess\u00e3o de S\u00e3o Bento, nos aben\u00e7oe e nos prepare para um novo semestre repleto de esperan\u00e7a, f\u00e9 e aprendizado.<\/p>\nngg_shortcode_0_placeholder\n","protected":false},"excerpt":{"rendered":"<p>Com o cora\u00e7\u00e3o cheio de gratid\u00e3o, encerramos nosso semestre letivo com a Santa Missa em honra a S\u00e3o Bento, patrono da vida mon\u00e1stica e modelo de entrega total a Deus. \ud83d\ude4f\u2728 Celebrar este dia ao lado de nossas queridas Irm\u00e3s Beneditinas \u00e9 reafirmar nosso compromisso com uma educa\u00e7\u00e3o que vai al\u00e9m do conhecimento: uma educa\u00e7\u00e3o&#8230;<\/p>\n","protected":false},"author":4,"featured_media":28297,"comment_status":"closed","ping_status":"closed","sticky":false,"template":"","format":"standard","meta":{"_monsterinsights_skip_tracking":false,"_monsterinsights_sitenote_active":false,"_monsterinsights_sitenote_note":"","_monsterinsights_sitenote_category":0,"ngg_post_thumbnail":0,"footnotes":""},"categories":[108,88,89,90,91,82,96],"tags":[],"class_list":["post-28246","post","type-post","status-publish","format-standard","has-post-thumbnail","hentry","category-ano-2025","category-ed-infantil","category-ens-fund_i","category-ens-fund_ii","category-ens-medio","category-noticias","category-pastoral-escolar"],"_links":{"self":[{"href":"https:\/\/redebeneditina.org.br\/cjn\/wp-json\/wp\/v2\/posts\/28246","targetHints":{"allow":["GET"]}}],"collection":[{"href":"https:\/\/redebeneditina.org.br\/cjn\/wp-json\/wp\/v2\/posts"}],"about":[{"href":"https:\/\/redebeneditina.org.br\/cjn\/wp-json\/wp\/v2\/types\/post"}],"author":[{"embeddable":true,"href":"https:\/\/redebeneditina.org.br\/cjn\/wp-json\/wp\/v2\/users\/4"}],"replies":[{"embeddable":true,"href":"https:\/\/redebeneditina.org.br\/cjn\/wp-json\/wp\/v2\/comments?post=28246"}],"version-history":[{"count":1,"href":"https:\/\/redebeneditina.org.br\/cjn\/wp-json\/wp\/v2\/posts\/28246\/revisions"}],"predecessor-version":[{"id":28298,"href":"https:\/\/redebeneditina.org.br\/cjn\/wp-json\/wp\/v2\/posts\/28246\/revisions\/28298"}],"wp:featuredmedia":[{"embeddable":true,"href":"https:\/\/redebeneditina.org.br\/cjn\/wp-json\/wp\/v2\/media\/28297"}],"wp:attachment":[{"href":"https:\/\/redebeneditina.org.br\/cjn\/wp-json\/wp\/v2\/media?parent=28246"}],"wp:term":[{"taxonomy":"category","embeddable":true,"href":"https:\/\/redebeneditina.org.br\/cjn\/wp-json\/wp\/v2\/categories?post=28246"},{"taxonomy":"post_tag","embeddable":true,"href":"https:\/\/redebeneditina.org.br\/cjn\/wp-json\/wp\/v2\/tags?post=28246"}],"curies":[{"name":"wp","href":"https:\/\/api.w.org\/{rel}","templated":true}]}}