{"id":30161,"date":"2025-12-08T10:36:23","date_gmt":"2025-12-08T13:36:23","guid":{"rendered":"https:\/\/redebeneditina.org.br\/cjn\/?p=30161"},"modified":"2025-12-08T10:38:03","modified_gmt":"2025-12-08T13:38:03","slug":"esperanca-saber-amar-como-maria-cantata-de-natal-ensino-fundamental","status":"publish","type":"post","link":"https:\/\/redebeneditina.org.br\/cjn\/esperanca-saber-amar-como-maria-cantata-de-natal-ensino-fundamental\/","title":{"rendered":"Esperan\u00e7a: Saber Amar como Maria Cantata de Natal Ensino Fundamental"},"content":{"rendered":"<p>Celebramos a Cantata de Natal do Ensino Fundamental, momento celebrativo de f\u00e9 e evangeliza\u00e7\u00e3o, a luz que nasce no cora\u00e7\u00e3o de cada crian\u00e7a e adolescente do Col\u00e9gio Jesus de Nazar\u00e9.<\/p>\n<p>Assim como os pastores que correram para anunciar o nascimento de Jesus, tamb\u00e9m n\u00f3s somos chamados a sermos anunciadores da Esperan\u00e7a.<\/p>\n<p>Parabenizamos cada estudante que deu voz, gesto e emo\u00e7\u00e3o a esta cantata t\u00e3o especial.<\/p>\n<p>Nossa gratid\u00e3o \u00e0s fam\u00edlias, convidados e \u00e0 nossa equipe de colaboradores e educadores, que diariamente fazem da miss\u00e3o da Rede Beneditina um caminho de amor.<\/p>\n<p>Somos Rede Beneditina-Col\u00e9gio Jesus de Nazar\u00e9.<\/p>\n<p>E aqui, acolher, assistir e educar n\u00e3o \u00e9 apenas uma proposta\u2026 \u00c9 vida, \u00e9 presen\u00e7a, \u00e9 compromisso com cada hist\u00f3ria que passa por n\u00f3s.<\/p>\n<p>Gratid\u00e3o pela presen\u00e7a de todos.<\/p>\n<p>Que a esperan\u00e7a continue iluminando nossos passos. Deus os aben\u00e7oe!<\/p>\n<p>ngg_shortcode_0_placeholderConfira o v\u00eddeo em nosso Instagram: <a href=\"https:\/\/www.instagram.com\/p\/DR7XhJDjYxl\/\">https:\/\/www.instagram.com\/p\/DR7XhJDjYxl\/<\/a><\/p>\n","protected":false},"excerpt":{"rendered":"<p>Celebramos a Cantata de Natal do Ensino Fundamental, momento celebrativo de f\u00e9 e evangeliza\u00e7\u00e3o, a luz que nasce no cora\u00e7\u00e3o de cada crian\u00e7a e adolescente do Col\u00e9gio Jesus de Nazar\u00e9. Assim como os pastores que correram para anunciar o nascimento de Jesus, tamb\u00e9m n\u00f3s somos chamados a sermos anunciadores da Esperan\u00e7a. Parabenizamos cada estudante que&#8230;<\/p>\n","protected":false},"author":4,"featured_media":30202,"comment_status":"closed","ping_status":"closed","sticky":false,"template":"","format":"standard","meta":{"_monsterinsights_skip_tracking":false,"_monsterinsights_sitenote_active":false,"_monsterinsights_sitenote_note":"","_monsterinsights_sitenote_category":0,"ngg_post_thumbnail":0,"footnotes":""},"categories":[108,89,90,82,96],"tags":[],"class_list":["post-30161","post","type-post","status-publish","format-standard","has-post-thumbnail","hentry","category-ano-2025","category-ens-fund_i","category-ens-fund_ii","category-noticias","category-pastoral-escolar"],"_links":{"self":[{"href":"https:\/\/redebeneditina.org.br\/cjn\/wp-json\/wp\/v2\/posts\/30161","targetHints":{"allow":["GET"]}}],"collection":[{"href":"https:\/\/redebeneditina.org.br\/cjn\/wp-json\/wp\/v2\/posts"}],"about":[{"href":"https:\/\/redebeneditina.org.br\/cjn\/wp-json\/wp\/v2\/types\/post"}],"author":[{"embeddable":true,"href":"https:\/\/redebeneditina.org.br\/cjn\/wp-json\/wp\/v2\/users\/4"}],"replies":[{"embeddable":true,"href":"https:\/\/redebeneditina.org.br\/cjn\/wp-json\/wp\/v2\/comments?post=30161"}],"version-history":[{"count":3,"href":"https:\/\/redebeneditina.org.br\/cjn\/wp-json\/wp\/v2\/posts\/30161\/revisions"}],"predecessor-version":[{"id":30204,"href":"https:\/\/redebeneditina.org.br\/cjn\/wp-json\/wp\/v2\/posts\/30161\/revisions\/30204"}],"wp:featuredmedia":[{"embeddable":true,"href":"https:\/\/redebeneditina.org.br\/cjn\/wp-json\/wp\/v2\/media\/30202"}],"wp:attachment":[{"href":"https:\/\/redebeneditina.org.br\/cjn\/wp-json\/wp\/v2\/media?parent=30161"}],"wp:term":[{"taxonomy":"category","embeddable":true,"href":"https:\/\/redebeneditina.org.br\/cjn\/wp-json\/wp\/v2\/categories?post=30161"},{"taxonomy":"post_tag","embeddable":true,"href":"https:\/\/redebeneditina.org.br\/cjn\/wp-json\/wp\/v2\/tags?post=30161"}],"curies":[{"name":"wp","href":"https:\/\/api.w.org\/{rel}","templated":true}]}}