{"id":30212,"date":"2025-12-02T10:53:36","date_gmt":"2025-12-02T13:53:36","guid":{"rendered":"https:\/\/redebeneditina.org.br\/cjn\/?p=30212"},"modified":"2025-12-08T10:54:57","modified_gmt":"2025-12-08T13:54:57","slug":"depoimentos-que-aquecem-o-coracao","status":"publish","type":"post","link":"https:\/\/redebeneditina.org.br\/cjn\/depoimentos-que-aquecem-o-coracao\/","title":{"rendered":"Depoimentos que aquecem o cora\u00e7\u00e3o!"},"content":{"rendered":"<p>Hoje compartilhamos um pouquinho da fala dos pais do Breno, que dividiram conosco suas experi\u00eancias vividas na nossa escola. \ud83e\udde1<\/p>\n<p>\u00c9 gratificante ver o brilho no olhar, ouvir cada palavra de carinho e perceber que estamos construindo uma trajet\u00f3ria de aprendizado, confian\u00e7a e amor. \ud83c\udf31\ud83d\udcda<\/p>\n<p>Que esse v\u00eddeo inspire mais fam\u00edlias a caminhar junto conosco. Aqui, cada aluno \u00e9 acolhido, respeitado e incentivado a crescer! \ud83e\udd1d\u2728<\/p>\n<p>Gratid\u00e3o, Sra Marilia e Sr. Abilio Neto pela parceria e confian\u00e7a em nossa Institui\u00e7\u00e3o.\u2728\ud83e\udd29<\/p>\n<p>Confira o v\u00eddeo em nosso Instagram: <a href=\"https:\/\/www.instagram.com\/p\/DRvE8ZbD1vm\/\">https:\/\/www.instagram.com\/p\/DRvE8ZbD1vm\/<\/a><\/p>\n","protected":false},"excerpt":{"rendered":"<p>Hoje compartilhamos um pouquinho da fala dos pais do Breno, que dividiram conosco suas experi\u00eancias vividas na nossa escola. \ud83e\udde1 \u00c9 gratificante ver o brilho no olhar, ouvir cada palavra de carinho e perceber que estamos construindo uma trajet\u00f3ria de aprendizado, confian\u00e7a e amor. \ud83c\udf31\ud83d\udcda Que esse v\u00eddeo inspire mais fam\u00edlias a caminhar junto conosco.&#8230;<\/p>\n","protected":false},"author":4,"featured_media":30213,"comment_status":"closed","ping_status":"closed","sticky":false,"template":"","format":"standard","meta":{"_monsterinsights_skip_tracking":false,"_monsterinsights_sitenote_active":false,"_monsterinsights_sitenote_note":"","_monsterinsights_sitenote_category":0,"ngg_post_thumbnail":0,"footnotes":""},"categories":[108,88,89,90,82],"tags":[],"class_list":["post-30212","post","type-post","status-publish","format-standard","has-post-thumbnail","hentry","category-ano-2025","category-ed-infantil","category-ens-fund_i","category-ens-fund_ii","category-noticias"],"_links":{"self":[{"href":"https:\/\/redebeneditina.org.br\/cjn\/wp-json\/wp\/v2\/posts\/30212","targetHints":{"allow":["GET"]}}],"collection":[{"href":"https:\/\/redebeneditina.org.br\/cjn\/wp-json\/wp\/v2\/posts"}],"about":[{"href":"https:\/\/redebeneditina.org.br\/cjn\/wp-json\/wp\/v2\/types\/post"}],"author":[{"embeddable":true,"href":"https:\/\/redebeneditina.org.br\/cjn\/wp-json\/wp\/v2\/users\/4"}],"replies":[{"embeddable":true,"href":"https:\/\/redebeneditina.org.br\/cjn\/wp-json\/wp\/v2\/comments?post=30212"}],"version-history":[{"count":1,"href":"https:\/\/redebeneditina.org.br\/cjn\/wp-json\/wp\/v2\/posts\/30212\/revisions"}],"predecessor-version":[{"id":30214,"href":"https:\/\/redebeneditina.org.br\/cjn\/wp-json\/wp\/v2\/posts\/30212\/revisions\/30214"}],"wp:featuredmedia":[{"embeddable":true,"href":"https:\/\/redebeneditina.org.br\/cjn\/wp-json\/wp\/v2\/media\/30213"}],"wp:attachment":[{"href":"https:\/\/redebeneditina.org.br\/cjn\/wp-json\/wp\/v2\/media?parent=30212"}],"wp:term":[{"taxonomy":"category","embeddable":true,"href":"https:\/\/redebeneditina.org.br\/cjn\/wp-json\/wp\/v2\/categories?post=30212"},{"taxonomy":"post_tag","embeddable":true,"href":"https:\/\/redebeneditina.org.br\/cjn\/wp-json\/wp\/v2\/tags?post=30212"}],"curies":[{"name":"wp","href":"https:\/\/api.w.org\/{rel}","templated":true}]}}