{"id":30216,"date":"2025-12-01T11:49:13","date_gmt":"2025-12-01T14:49:13","guid":{"rendered":"https:\/\/redebeneditina.org.br\/cjn\/?p=30216"},"modified":"2025-12-08T11:51:50","modified_gmt":"2025-12-08T14:51:50","slug":"encerramento-das-atividades-do-5o-ano","status":"publish","type":"post","link":"https:\/\/redebeneditina.org.br\/cjn\/encerramento-das-atividades-do-5o-ano\/","title":{"rendered":"Encerramento das atividades do 5\u00ba ano"},"content":{"rendered":"<p>Encerramos as atividades do 5\u00ba ano com muitos sorrisos, novas amizades e um piquenique cheio de boas lembran\u00e7as!<br \/>\nFoi um momento especial para celebrar conquistas, uni\u00e3o e todo o crescimento vivido ao longo do ano.<br \/>\nQue venham novos caminhos, sempre juntos no Col\u00e9gio Jesus de Nazar\u00e9 \u2013 Rede Beneditina!<\/p>\nngg_shortcode_0_placeholder\n","protected":false},"excerpt":{"rendered":"<p>Encerramos as atividades do 5\u00ba ano com muitos sorrisos, novas amizades e um piquenique cheio de boas lembran\u00e7as! Foi um momento especial para celebrar conquistas, uni\u00e3o e todo o crescimento vivido ao longo do ano. Que venham novos caminhos, sempre juntos no Col\u00e9gio Jesus de Nazar\u00e9 \u2013 Rede Beneditina!<\/p>\n","protected":false},"author":4,"featured_media":30224,"comment_status":"closed","ping_status":"closed","sticky":false,"template":"","format":"standard","meta":{"_monsterinsights_skip_tracking":false,"_monsterinsights_sitenote_active":false,"_monsterinsights_sitenote_note":"","_monsterinsights_sitenote_category":0,"ngg_post_thumbnail":0,"footnotes":""},"categories":[108,89,82],"tags":[],"class_list":["post-30216","post","type-post","status-publish","format-standard","has-post-thumbnail","hentry","category-ano-2025","category-ens-fund_i","category-noticias"],"_links":{"self":[{"href":"https:\/\/redebeneditina.org.br\/cjn\/wp-json\/wp\/v2\/posts\/30216","targetHints":{"allow":["GET"]}}],"collection":[{"href":"https:\/\/redebeneditina.org.br\/cjn\/wp-json\/wp\/v2\/posts"}],"about":[{"href":"https:\/\/redebeneditina.org.br\/cjn\/wp-json\/wp\/v2\/types\/post"}],"author":[{"embeddable":true,"href":"https:\/\/redebeneditina.org.br\/cjn\/wp-json\/wp\/v2\/users\/4"}],"replies":[{"embeddable":true,"href":"https:\/\/redebeneditina.org.br\/cjn\/wp-json\/wp\/v2\/comments?post=30216"}],"version-history":[{"count":1,"href":"https:\/\/redebeneditina.org.br\/cjn\/wp-json\/wp\/v2\/posts\/30216\/revisions"}],"predecessor-version":[{"id":30225,"href":"https:\/\/redebeneditina.org.br\/cjn\/wp-json\/wp\/v2\/posts\/30216\/revisions\/30225"}],"wp:featuredmedia":[{"embeddable":true,"href":"https:\/\/redebeneditina.org.br\/cjn\/wp-json\/wp\/v2\/media\/30224"}],"wp:attachment":[{"href":"https:\/\/redebeneditina.org.br\/cjn\/wp-json\/wp\/v2\/media?parent=30216"}],"wp:term":[{"taxonomy":"category","embeddable":true,"href":"https:\/\/redebeneditina.org.br\/cjn\/wp-json\/wp\/v2\/categories?post=30216"},{"taxonomy":"post_tag","embeddable":true,"href":"https:\/\/redebeneditina.org.br\/cjn\/wp-json\/wp\/v2\/tags?post=30216"}],"curies":[{"name":"wp","href":"https:\/\/api.w.org\/{rel}","templated":true}]}}