{"id":30251,"date":"2025-12-15T11:03:36","date_gmt":"2025-12-15T14:03:36","guid":{"rendered":"https:\/\/redebeneditina.org.br\/cjn\/?p=30251"},"modified":"2025-12-15T11:09:20","modified_gmt":"2025-12-15T14:09:20","slug":"missa-em-acao-de-gracas-dos-formandos-2025","status":"publish","type":"post","link":"https:\/\/redebeneditina.org.br\/cjn\/missa-em-acao-de-gracas-dos-formandos-2025\/","title":{"rendered":"Missa em A\u00e7\u00e3o de Gra\u00e7as dos Formandos 2025"},"content":{"rendered":"<p>O Col\u00e9gio Jesus de Nazar\u00e9 \u2013 Rede Beneditinas realizou a missa em a\u00e7\u00e3o de gra\u00e7as dos Formandos 2025, celebrando com profundo significado a trajet\u00f3ria, as conquistas e os novos caminhos que se abrem.<\/p>\n<p>\u00c0 luz da espiritualidade beneditina e do legado educacional de Madre Maria Shiapparoli e Madre Giustina Shiapparoli, reafirmamos nosso compromisso de formar estudantes \u00edntegros, guiados pela f\u00e9, pelo conhecimento e pelos valores que sustentam nossa miss\u00e3o.<\/p>\n<p>\ud83c\udf93Formandos 2025: que o Esp\u00edrito Santo ilumine cada passo dessa nova etapa, conduzindo-os com sabedoria, coragem e prop\u00f3sito.<\/p>\n<p>ngg_shortcode_0_placeholderConfira o v\u00eddeo em nosso Instagram: <a href=\"https:\/\/www.instagram.com\/p\/DSKVm9zjf2D\/\">https:\/\/www.instagram.com\/p\/DSKVm9zjf2D\/<\/a><\/p>\n","protected":false},"excerpt":{"rendered":"<p>O Col\u00e9gio Jesus de Nazar\u00e9 \u2013 Rede Beneditinas realizou a missa em a\u00e7\u00e3o de gra\u00e7as dos Formandos 2025, celebrando com profundo significado a trajet\u00f3ria, as conquistas e os novos caminhos que se abrem. \u00c0 luz da espiritualidade beneditina e do legado educacional de Madre Maria Shiapparoli e Madre Giustina Shiapparoli, reafirmamos nosso compromisso de formar&#8230;<\/p>\n","protected":false},"author":4,"featured_media":30353,"comment_status":"closed","ping_status":"closed","sticky":false,"template":"","format":"standard","meta":{"_monsterinsights_skip_tracking":false,"_monsterinsights_sitenote_active":false,"_monsterinsights_sitenote_note":"","_monsterinsights_sitenote_category":0,"ngg_post_thumbnail":0,"footnotes":""},"categories":[108,88,89,82],"tags":[],"class_list":["post-30251","post","type-post","status-publish","format-standard","has-post-thumbnail","hentry","category-ano-2025","category-ed-infantil","category-ens-fund_i","category-noticias"],"_links":{"self":[{"href":"https:\/\/redebeneditina.org.br\/cjn\/wp-json\/wp\/v2\/posts\/30251","targetHints":{"allow":["GET"]}}],"collection":[{"href":"https:\/\/redebeneditina.org.br\/cjn\/wp-json\/wp\/v2\/posts"}],"about":[{"href":"https:\/\/redebeneditina.org.br\/cjn\/wp-json\/wp\/v2\/types\/post"}],"author":[{"embeddable":true,"href":"https:\/\/redebeneditina.org.br\/cjn\/wp-json\/wp\/v2\/users\/4"}],"replies":[{"embeddable":true,"href":"https:\/\/redebeneditina.org.br\/cjn\/wp-json\/wp\/v2\/comments?post=30251"}],"version-history":[{"count":2,"href":"https:\/\/redebeneditina.org.br\/cjn\/wp-json\/wp\/v2\/posts\/30251\/revisions"}],"predecessor-version":[{"id":30355,"href":"https:\/\/redebeneditina.org.br\/cjn\/wp-json\/wp\/v2\/posts\/30251\/revisions\/30355"}],"wp:featuredmedia":[{"embeddable":true,"href":"https:\/\/redebeneditina.org.br\/cjn\/wp-json\/wp\/v2\/media\/30353"}],"wp:attachment":[{"href":"https:\/\/redebeneditina.org.br\/cjn\/wp-json\/wp\/v2\/media?parent=30251"}],"wp:term":[{"taxonomy":"category","embeddable":true,"href":"https:\/\/redebeneditina.org.br\/cjn\/wp-json\/wp\/v2\/categories?post=30251"},{"taxonomy":"post_tag","embeddable":true,"href":"https:\/\/redebeneditina.org.br\/cjn\/wp-json\/wp\/v2\/tags?post=30251"}],"curies":[{"name":"wp","href":"https:\/\/api.w.org\/{rel}","templated":true}]}}