{"id":30467,"date":"2026-01-26T10:47:18","date_gmt":"2026-01-26T13:47:18","guid":{"rendered":"https:\/\/redebeneditina.org.br\/cjn\/?p=30467"},"modified":"2026-01-26T10:47:18","modified_gmt":"2026-01-26T13:47:18","slug":"reuniao-pedagogica-de-pais-e-mestres","status":"publish","type":"post","link":"https:\/\/redebeneditina.org.br\/cjn\/reuniao-pedagogica-de-pais-e-mestres\/","title":{"rendered":"Reuni\u00e3o Pedag\u00f3gica de Pais e Mestres"},"content":{"rendered":"<p>A parceria entre escola e fam\u00edlia \u00e9 essencial em todas as etapas da forma\u00e7\u00e3o.<\/p>\n<p>Nossa reuni\u00e3o pedag\u00f3gica com pais e mestres da Educa\u00e7\u00e3o Infantil e do Ensino Fundamental foi um momento de di\u00e1logo, alinhamento e constru\u00e7\u00e3o conjunta, sempre com o compromisso de promover um desenvolvimento integral, humano e respons\u00e1vel.<\/p>\n<p>Quando caminhamos juntos, fortalecemos a aprendizagem, os valores e o futuro de nossos alunos.<\/p>\nngg_shortcode_0_placeholder\n","protected":false},"excerpt":{"rendered":"<p>A parceria entre escola e fam\u00edlia \u00e9 essencial em todas as etapas da forma\u00e7\u00e3o. Nossa reuni\u00e3o pedag\u00f3gica com pais e mestres da Educa\u00e7\u00e3o Infantil e do Ensino Fundamental foi um momento de di\u00e1logo, alinhamento e constru\u00e7\u00e3o conjunta, sempre com o compromisso de promover um desenvolvimento integral, humano e respons\u00e1vel. Quando caminhamos juntos, fortalecemos a aprendizagem,&#8230;<\/p>\n","protected":false},"author":4,"featured_media":30509,"comment_status":"closed","ping_status":"closed","sticky":false,"template":"","format":"standard","meta":{"_monsterinsights_skip_tracking":false,"_monsterinsights_sitenote_active":false,"_monsterinsights_sitenote_note":"","_monsterinsights_sitenote_category":0,"ngg_post_thumbnail":0,"footnotes":""},"categories":[111,88,89,90,82],"tags":[],"class_list":["post-30467","post","type-post","status-publish","format-standard","has-post-thumbnail","hentry","category-noticias-ano2026","category-ed-infantil","category-ens-fund_i","category-ens-fund_ii","category-noticias"],"_links":{"self":[{"href":"https:\/\/redebeneditina.org.br\/cjn\/wp-json\/wp\/v2\/posts\/30467","targetHints":{"allow":["GET"]}}],"collection":[{"href":"https:\/\/redebeneditina.org.br\/cjn\/wp-json\/wp\/v2\/posts"}],"about":[{"href":"https:\/\/redebeneditina.org.br\/cjn\/wp-json\/wp\/v2\/types\/post"}],"author":[{"embeddable":true,"href":"https:\/\/redebeneditina.org.br\/cjn\/wp-json\/wp\/v2\/users\/4"}],"replies":[{"embeddable":true,"href":"https:\/\/redebeneditina.org.br\/cjn\/wp-json\/wp\/v2\/comments?post=30467"}],"version-history":[{"count":1,"href":"https:\/\/redebeneditina.org.br\/cjn\/wp-json\/wp\/v2\/posts\/30467\/revisions"}],"predecessor-version":[{"id":30510,"href":"https:\/\/redebeneditina.org.br\/cjn\/wp-json\/wp\/v2\/posts\/30467\/revisions\/30510"}],"wp:featuredmedia":[{"embeddable":true,"href":"https:\/\/redebeneditina.org.br\/cjn\/wp-json\/wp\/v2\/media\/30509"}],"wp:attachment":[{"href":"https:\/\/redebeneditina.org.br\/cjn\/wp-json\/wp\/v2\/media?parent=30467"}],"wp:term":[{"taxonomy":"category","embeddable":true,"href":"https:\/\/redebeneditina.org.br\/cjn\/wp-json\/wp\/v2\/categories?post=30467"},{"taxonomy":"post_tag","embeddable":true,"href":"https:\/\/redebeneditina.org.br\/cjn\/wp-json\/wp\/v2\/tags?post=30467"}],"curies":[{"name":"wp","href":"https:\/\/api.w.org\/{rel}","templated":true}]}}