{"id":30511,"date":"2026-01-26T10:49:43","date_gmt":"2026-01-26T13:49:43","guid":{"rendered":"https:\/\/redebeneditina.org.br\/cjn\/?p=30511"},"modified":"2026-01-26T10:52:19","modified_gmt":"2026-01-26T13:52:19","slug":"volta-as-aulas-1o-ao-5o-ano","status":"publish","type":"post","link":"https:\/\/redebeneditina.org.br\/cjn\/volta-as-aulas-1o-ao-5o-ano\/","title":{"rendered":"Volta \u00e0s aulas &#8211; 1\u00ba ao 5\u00ba ano"},"content":{"rendered":"<p>Voltar \u00e0s aulas \u00e9 retomar sonhos e construir futuros.<\/p>\n<p>No Col\u00e9gio Jesus de Nazar\u00e9, educamos com responsabilidade, f\u00e9 e amor, preparando nossos alunos para a vida e para o mundo.<\/p>\n<p>ngg_shortcode_0_placeholderConfira o v\u00eddeo em nosso Instagram:&nbsp; <a href=\"https:\/\/www.instagram.com\/p\/DT-UtkTjeNF\/\">https:\/\/www.instagram.com\/p\/DT-UtkTjeNF\/<\/a><\/p>\n","protected":false},"excerpt":{"rendered":"<p>Voltar \u00e0s aulas \u00e9 retomar sonhos e construir futuros. No Col\u00e9gio Jesus de Nazar\u00e9, educamos com responsabilidade, f\u00e9 e amor, preparando nossos alunos para a vida e para o mundo. Confira o v\u00eddeo em nosso Instagram:&nbsp; https:\/\/www.instagram.com\/p\/DT-UtkTjeNF\/<\/p>\n","protected":false},"author":4,"featured_media":30533,"comment_status":"closed","ping_status":"closed","sticky":false,"template":"","format":"standard","meta":{"_monsterinsights_skip_tracking":false,"_monsterinsights_sitenote_active":false,"_monsterinsights_sitenote_note":"","_monsterinsights_sitenote_category":0,"ngg_post_thumbnail":0,"footnotes":""},"categories":[111,89,82],"tags":[],"class_list":["post-30511","post","type-post","status-publish","format-standard","has-post-thumbnail","hentry","category-noticias-ano2026","category-ens-fund_i","category-noticias"],"_links":{"self":[{"href":"https:\/\/redebeneditina.org.br\/cjn\/wp-json\/wp\/v2\/posts\/30511","targetHints":{"allow":["GET"]}}],"collection":[{"href":"https:\/\/redebeneditina.org.br\/cjn\/wp-json\/wp\/v2\/posts"}],"about":[{"href":"https:\/\/redebeneditina.org.br\/cjn\/wp-json\/wp\/v2\/types\/post"}],"author":[{"embeddable":true,"href":"https:\/\/redebeneditina.org.br\/cjn\/wp-json\/wp\/v2\/users\/4"}],"replies":[{"embeddable":true,"href":"https:\/\/redebeneditina.org.br\/cjn\/wp-json\/wp\/v2\/comments?post=30511"}],"version-history":[{"count":3,"href":"https:\/\/redebeneditina.org.br\/cjn\/wp-json\/wp\/v2\/posts\/30511\/revisions"}],"predecessor-version":[{"id":30536,"href":"https:\/\/redebeneditina.org.br\/cjn\/wp-json\/wp\/v2\/posts\/30511\/revisions\/30536"}],"wp:featuredmedia":[{"embeddable":true,"href":"https:\/\/redebeneditina.org.br\/cjn\/wp-json\/wp\/v2\/media\/30533"}],"wp:attachment":[{"href":"https:\/\/redebeneditina.org.br\/cjn\/wp-json\/wp\/v2\/media?parent=30511"}],"wp:term":[{"taxonomy":"category","embeddable":true,"href":"https:\/\/redebeneditina.org.br\/cjn\/wp-json\/wp\/v2\/categories?post=30511"},{"taxonomy":"post_tag","embeddable":true,"href":"https:\/\/redebeneditina.org.br\/cjn\/wp-json\/wp\/v2\/tags?post=30511"}],"curies":[{"name":"wp","href":"https:\/\/api.w.org\/{rel}","templated":true}]}}