{"id":30547,"date":"2026-01-29T15:21:39","date_gmt":"2026-01-29T18:21:39","guid":{"rendered":"https:\/\/redebeneditina.org.br\/cjn\/?p=30547"},"modified":"2026-01-29T15:34:33","modified_gmt":"2026-01-29T18:34:33","slug":"volta-as-aulas-educacao-infantil","status":"publish","type":"post","link":"https:\/\/redebeneditina.org.br\/cjn\/volta-as-aulas-educacao-infantil\/","title":{"rendered":"Volta \u00e0s Aulas \u2013 Educa\u00e7\u00e3o Infantil"},"content":{"rendered":"<p>Cada sorriso, cada abra\u00e7o e cada olhar curioso marcam o in\u00edcio de um novo ano cheio de descobertas.<br \/>\nNo Col\u00e9gio Jesus de Nazar\u00e9, a acolhida das nossas crian\u00e7as \u00e9 feita com carinho, seguran\u00e7a e amor, para que elas se sintam em casa desde o primeiro dia.<\/p>\n<p>Aqui, cada passo \u00e9 cuidado, cada aprendizado \u00e9 acompanhado e cada crian\u00e7a \u00e9 valorizada em sua ess\u00eancia. \ud83c\udf08\u2728<\/p>\n<p>\ud83d\udcda Acolher, Assistir e Educar \u2014 esse \u00e9 o nosso compromisso di\u00e1ria com a inf\u00e2ncia.<\/p>\n<p>ngg_shortcode_0_placeholderConfira o v\u00eddeo em <a href=\"https:\/\/www.instagram.com\/p\/DUDerP-DRrB\/\">https:\/\/www.instagram.com\/p\/DUDerP-DRrB\/<\/a><\/p>\n","protected":false},"excerpt":{"rendered":"<p>Cada sorriso, cada abra\u00e7o e cada olhar curioso marcam o in\u00edcio de um novo ano cheio de descobertas. No Col\u00e9gio Jesus de Nazar\u00e9, a acolhida das nossas crian\u00e7as \u00e9 feita com carinho, seguran\u00e7a e amor, para que elas se sintam em casa desde o primeiro dia. Aqui, cada passo \u00e9 cuidado, cada aprendizado \u00e9 acompanhado&#8230;<\/p>\n","protected":false},"author":4,"featured_media":30557,"comment_status":"closed","ping_status":"closed","sticky":false,"template":"","format":"standard","meta":{"_monsterinsights_skip_tracking":false,"_monsterinsights_sitenote_active":false,"_monsterinsights_sitenote_note":"","_monsterinsights_sitenote_category":0,"ngg_post_thumbnail":0,"footnotes":""},"categories":[111,82],"tags":[],"class_list":["post-30547","post","type-post","status-publish","format-standard","has-post-thumbnail","hentry","category-noticias-ano2026","category-noticias"],"_links":{"self":[{"href":"https:\/\/redebeneditina.org.br\/cjn\/wp-json\/wp\/v2\/posts\/30547","targetHints":{"allow":["GET"]}}],"collection":[{"href":"https:\/\/redebeneditina.org.br\/cjn\/wp-json\/wp\/v2\/posts"}],"about":[{"href":"https:\/\/redebeneditina.org.br\/cjn\/wp-json\/wp\/v2\/types\/post"}],"author":[{"embeddable":true,"href":"https:\/\/redebeneditina.org.br\/cjn\/wp-json\/wp\/v2\/users\/4"}],"replies":[{"embeddable":true,"href":"https:\/\/redebeneditina.org.br\/cjn\/wp-json\/wp\/v2\/comments?post=30547"}],"version-history":[{"count":2,"href":"https:\/\/redebeneditina.org.br\/cjn\/wp-json\/wp\/v2\/posts\/30547\/revisions"}],"predecessor-version":[{"id":30591,"href":"https:\/\/redebeneditina.org.br\/cjn\/wp-json\/wp\/v2\/posts\/30547\/revisions\/30591"}],"wp:featuredmedia":[{"embeddable":true,"href":"https:\/\/redebeneditina.org.br\/cjn\/wp-json\/wp\/v2\/media\/30557"}],"wp:attachment":[{"href":"https:\/\/redebeneditina.org.br\/cjn\/wp-json\/wp\/v2\/media?parent=30547"}],"wp:term":[{"taxonomy":"category","embeddable":true,"href":"https:\/\/redebeneditina.org.br\/cjn\/wp-json\/wp\/v2\/categories?post=30547"},{"taxonomy":"post_tag","embeddable":true,"href":"https:\/\/redebeneditina.org.br\/cjn\/wp-json\/wp\/v2\/tags?post=30547"}],"curies":[{"name":"wp","href":"https:\/\/api.w.org\/{rel}","templated":true}]}}