{"id":30570,"date":"2026-01-29T15:24:40","date_gmt":"2026-01-29T18:24:40","guid":{"rendered":"https:\/\/redebeneditina.org.br\/cjn\/?p=30570"},"modified":"2026-01-29T15:24:40","modified_gmt":"2026-01-29T18:24:40","slug":"uma-historia-muitos-aprendizados-ed-infantil","status":"publish","type":"post","link":"https:\/\/redebeneditina.org.br\/cjn\/uma-historia-muitos-aprendizados-ed-infantil\/","title":{"rendered":"Uma hist\u00f3ria, muitos aprendizados! &#8211; Ed. Infantil"},"content":{"rendered":"<p>Nesta quinta-feira, nossas turminhas da Educa\u00e7\u00e3o Infantil viveram um momento encantador com a apresenta\u00e7\u00e3o da historinha \u201cA Casa Sonolenta\u201d, preparada com carinho pelas nossas professoras.<\/p>\n<p>\ud83d\udcd6 A hist\u00f3ria nos ensina que, mesmo nas coisas simples do dia a dia, existe coopera\u00e7\u00e3o, cuidado com o outro e a import\u00e2ncia de respeitar o tempo de cada um. Aos pequeninos, ela mostra que viver em grupo \u00e9 aprender a compartilhar, esperar e conviver com amor e paci\u00eancia.<\/p>\n<p>Momentos assim despertam a imagina\u00e7\u00e3o, fortalecem v\u00ednculos e transformam o aprender em uma experi\u00eancia leve e cheia de significado.<\/p>\nngg_shortcode_0_placeholder\n","protected":false},"excerpt":{"rendered":"<p>Nesta quinta-feira, nossas turminhas da Educa\u00e7\u00e3o Infantil viveram um momento encantador com a apresenta\u00e7\u00e3o da historinha \u201cA Casa Sonolenta\u201d, preparada com carinho pelas nossas professoras. \ud83d\udcd6 A hist\u00f3ria nos ensina que, mesmo nas coisas simples do dia a dia, existe coopera\u00e7\u00e3o, cuidado com o outro e a import\u00e2ncia de respeitar o tempo de cada um.&#8230;<\/p>\n","protected":false},"author":4,"featured_media":30571,"comment_status":"closed","ping_status":"closed","sticky":false,"template":"","format":"standard","meta":{"_monsterinsights_skip_tracking":false,"_monsterinsights_sitenote_active":false,"_monsterinsights_sitenote_note":"","_monsterinsights_sitenote_category":0,"ngg_post_thumbnail":0,"footnotes":""},"categories":[111,88,82],"tags":[],"class_list":["post-30570","post","type-post","status-publish","format-standard","has-post-thumbnail","hentry","category-noticias-ano2026","category-ed-infantil","category-noticias"],"_links":{"self":[{"href":"https:\/\/redebeneditina.org.br\/cjn\/wp-json\/wp\/v2\/posts\/30570","targetHints":{"allow":["GET"]}}],"collection":[{"href":"https:\/\/redebeneditina.org.br\/cjn\/wp-json\/wp\/v2\/posts"}],"about":[{"href":"https:\/\/redebeneditina.org.br\/cjn\/wp-json\/wp\/v2\/types\/post"}],"author":[{"embeddable":true,"href":"https:\/\/redebeneditina.org.br\/cjn\/wp-json\/wp\/v2\/users\/4"}],"replies":[{"embeddable":true,"href":"https:\/\/redebeneditina.org.br\/cjn\/wp-json\/wp\/v2\/comments?post=30570"}],"version-history":[{"count":1,"href":"https:\/\/redebeneditina.org.br\/cjn\/wp-json\/wp\/v2\/posts\/30570\/revisions"}],"predecessor-version":[{"id":30590,"href":"https:\/\/redebeneditina.org.br\/cjn\/wp-json\/wp\/v2\/posts\/30570\/revisions\/30590"}],"wp:featuredmedia":[{"embeddable":true,"href":"https:\/\/redebeneditina.org.br\/cjn\/wp-json\/wp\/v2\/media\/30571"}],"wp:attachment":[{"href":"https:\/\/redebeneditina.org.br\/cjn\/wp-json\/wp\/v2\/media?parent=30570"}],"wp:term":[{"taxonomy":"category","embeddable":true,"href":"https:\/\/redebeneditina.org.br\/cjn\/wp-json\/wp\/v2\/categories?post=30570"},{"taxonomy":"post_tag","embeddable":true,"href":"https:\/\/redebeneditina.org.br\/cjn\/wp-json\/wp\/v2\/tags?post=30570"}],"curies":[{"name":"wp","href":"https:\/\/api.w.org\/{rel}","templated":true}]}}