{"id":31602,"date":"2026-04-07T13:11:49","date_gmt":"2026-04-07T16:11:49","guid":{"rendered":"https:\/\/redebeneditina.org.br\/cjn\/?p=31602"},"modified":"2026-04-27T13:12:08","modified_gmt":"2026-04-27T16:12:08","slug":"logica-desafio-e-descobertas-no-6o-ano","status":"publish","type":"post","link":"https:\/\/redebeneditina.org.br\/cjn\/logica-desafio-e-descobertas-no-6o-ano\/","title":{"rendered":"L\u00f3gica, Desafio e Descobertas no 6\u00ba Ano"},"content":{"rendered":"<p>Aprender Matem\u00e1tica nunca foi t\u00e3o estrat\u00e9gico.&nbsp;<\/p>\n<p>A turma do 6\u00ba ano mergulhou no universo da potencia\u00e7\u00e3o de uma forma desafiadora e envolvente: utilizando a Torre de Han\u00f3i. A cada movimento, um novo racioc\u00ednio, uma nova descoberta \u2014 mostrando que a matem\u00e1tica vai muito al\u00e9m dos n\u00fameros, ela desenvolve l\u00f3gica, paci\u00eancia e pensamento cr\u00edtico.<\/p>\n<p>Aqui, aprender \u00e9 experimentar, desafiar-se e evoluir.&nbsp;<\/p>\nngg_shortcode_0_placeholder\n","protected":false},"excerpt":{"rendered":"<p>Aprender Matem\u00e1tica nunca foi t\u00e3o estrat\u00e9gico.&nbsp; A turma do 6\u00ba ano mergulhou no universo da potencia\u00e7\u00e3o de uma forma desafiadora e envolvente: utilizando a Torre de Han\u00f3i. A cada movimento, um novo racioc\u00ednio, uma nova descoberta \u2014 mostrando que a matem\u00e1tica vai muito al\u00e9m dos n\u00fameros, ela desenvolve l\u00f3gica, paci\u00eancia e pensamento cr\u00edtico. Aqui, aprender&#8230;<\/p>\n","protected":false},"author":4,"featured_media":31615,"comment_status":"closed","ping_status":"closed","sticky":false,"template":"","format":"standard","meta":{"_monsterinsights_skip_tracking":false,"_monsterinsights_sitenote_active":false,"_monsterinsights_sitenote_note":"","_monsterinsights_sitenote_category":0,"ngg_post_thumbnail":0,"footnotes":""},"categories":[111,90,82],"tags":[],"class_list":["post-31602","post","type-post","status-publish","format-standard","has-post-thumbnail","hentry","category-noticias-ano2026","category-ens-fund_ii","category-noticias"],"_links":{"self":[{"href":"https:\/\/redebeneditina.org.br\/cjn\/wp-json\/wp\/v2\/posts\/31602","targetHints":{"allow":["GET"]}}],"collection":[{"href":"https:\/\/redebeneditina.org.br\/cjn\/wp-json\/wp\/v2\/posts"}],"about":[{"href":"https:\/\/redebeneditina.org.br\/cjn\/wp-json\/wp\/v2\/types\/post"}],"author":[{"embeddable":true,"href":"https:\/\/redebeneditina.org.br\/cjn\/wp-json\/wp\/v2\/users\/4"}],"replies":[{"embeddable":true,"href":"https:\/\/redebeneditina.org.br\/cjn\/wp-json\/wp\/v2\/comments?post=31602"}],"version-history":[{"count":1,"href":"https:\/\/redebeneditina.org.br\/cjn\/wp-json\/wp\/v2\/posts\/31602\/revisions"}],"predecessor-version":[{"id":31630,"href":"https:\/\/redebeneditina.org.br\/cjn\/wp-json\/wp\/v2\/posts\/31602\/revisions\/31630"}],"wp:featuredmedia":[{"embeddable":true,"href":"https:\/\/redebeneditina.org.br\/cjn\/wp-json\/wp\/v2\/media\/31615"}],"wp:attachment":[{"href":"https:\/\/redebeneditina.org.br\/cjn\/wp-json\/wp\/v2\/media?parent=31602"}],"wp:term":[{"taxonomy":"category","embeddable":true,"href":"https:\/\/redebeneditina.org.br\/cjn\/wp-json\/wp\/v2\/categories?post=31602"},{"taxonomy":"post_tag","embeddable":true,"href":"https:\/\/redebeneditina.org.br\/cjn\/wp-json\/wp\/v2\/tags?post=31602"}],"curies":[{"name":"wp","href":"https:\/\/api.w.org\/{rel}","templated":true}]}}