{"id":31631,"date":"2026-04-12T13:12:21","date_gmt":"2026-04-12T16:12:21","guid":{"rendered":"https:\/\/redebeneditina.org.br\/cjn\/?p=31631"},"modified":"2026-04-27T13:14:22","modified_gmt":"2026-04-27T16:14:22","slug":"aula-pratica-de-biologia-no-9o-ano","status":"publish","type":"post","link":"https:\/\/redebeneditina.org.br\/cjn\/aula-pratica-de-biologia-no-9o-ano\/","title":{"rendered":"Aula pr\u00e1tica de Biologia no 9\u00ba ano"},"content":{"rendered":"<p>Os alunos participaram de uma aula pr\u00e1tica no laborat\u00f3rio, onde observaram diferentes tipos de c\u00e9lulas (animal e vegetal) utilizando microsc\u00f3pios, comparando suas estruturas e caracter\u00edsticas.<\/p>\n<p>Al\u00e9m disso, realizaram a extra\u00e7\u00e3o do DNA a partir de alimentos do dia a dia, conseguindo visualizar o material gen\u00e9tico de forma simples e surpreende<\/p>\n<p>Objetivo da pr\u00e1tica: aproximar a teoria da realidade, permitindo que os alunos compreendam, na pr\u00e1tica, a estrutura das c\u00e9lulas e a import\u00e2ncia do DNA nos seres vivos.<\/p>\n<p>Confira o v\u00eddeo em nosso Instagram: <a href=\"https:\/\/www.instagram.com\/p\/DXKDmz6jfBa\/\">https:\/\/www.instagram.com\/p\/DXKDmz6jfBa\/<\/a><\/p>\n","protected":false},"excerpt":{"rendered":"<p>Os alunos participaram de uma aula pr\u00e1tica no laborat\u00f3rio, onde observaram diferentes tipos de c\u00e9lulas (animal e vegetal) utilizando microsc\u00f3pios, comparando suas estruturas e caracter\u00edsticas. Al\u00e9m disso, realizaram a extra\u00e7\u00e3o do DNA a partir de alimentos do dia a dia, conseguindo visualizar o material gen\u00e9tico de forma simples e surpreende Objetivo da pr\u00e1tica: aproximar a&#8230;<\/p>\n","protected":false},"author":4,"featured_media":31632,"comment_status":"closed","ping_status":"closed","sticky":false,"template":"","format":"standard","meta":{"_monsterinsights_skip_tracking":false,"_monsterinsights_sitenote_active":false,"_monsterinsights_sitenote_note":"","_monsterinsights_sitenote_category":0,"ngg_post_thumbnail":0,"footnotes":""},"categories":[111,90,82],"tags":[],"class_list":["post-31631","post","type-post","status-publish","format-standard","has-post-thumbnail","hentry","category-noticias-ano2026","category-ens-fund_ii","category-noticias"],"_links":{"self":[{"href":"https:\/\/redebeneditina.org.br\/cjn\/wp-json\/wp\/v2\/posts\/31631","targetHints":{"allow":["GET"]}}],"collection":[{"href":"https:\/\/redebeneditina.org.br\/cjn\/wp-json\/wp\/v2\/posts"}],"about":[{"href":"https:\/\/redebeneditina.org.br\/cjn\/wp-json\/wp\/v2\/types\/post"}],"author":[{"embeddable":true,"href":"https:\/\/redebeneditina.org.br\/cjn\/wp-json\/wp\/v2\/users\/4"}],"replies":[{"embeddable":true,"href":"https:\/\/redebeneditina.org.br\/cjn\/wp-json\/wp\/v2\/comments?post=31631"}],"version-history":[{"count":1,"href":"https:\/\/redebeneditina.org.br\/cjn\/wp-json\/wp\/v2\/posts\/31631\/revisions"}],"predecessor-version":[{"id":31633,"href":"https:\/\/redebeneditina.org.br\/cjn\/wp-json\/wp\/v2\/posts\/31631\/revisions\/31633"}],"wp:featuredmedia":[{"embeddable":true,"href":"https:\/\/redebeneditina.org.br\/cjn\/wp-json\/wp\/v2\/media\/31632"}],"wp:attachment":[{"href":"https:\/\/redebeneditina.org.br\/cjn\/wp-json\/wp\/v2\/media?parent=31631"}],"wp:term":[{"taxonomy":"category","embeddable":true,"href":"https:\/\/redebeneditina.org.br\/cjn\/wp-json\/wp\/v2\/categories?post=31631"},{"taxonomy":"post_tag","embeddable":true,"href":"https:\/\/redebeneditina.org.br\/cjn\/wp-json\/wp\/v2\/tags?post=31631"}],"curies":[{"name":"wp","href":"https:\/\/api.w.org\/{rel}","templated":true}]}}