{"id":32433,"date":"2026-09-01T17:24:26","date_gmt":"2026-09-01T20:24:26","guid":{"rendered":"https:\/\/redebeneditina.org.br\/cjn\/?p=32433"},"modified":"2026-09-01T17:24:49","modified_gmt":"2026-09-01T20:24:49","slug":"quando-a-competicao-encontra-a-diversao-a-escola-vira-um-grande-palco","status":"publish","type":"post","link":"https:\/\/redebeneditina.org.br\/cjn\/quando-a-competicao-encontra-a-diversao-a-escola-vira-um-grande-palco\/","title":{"rendered":"Quando a competi\u00e7\u00e3o encontra a divers\u00e3o, a escola vira um grande palco!"},"content":{"rendered":"<p>Foi dia de muita anima\u00e7\u00e3o, desafios, torcida e, claro, esp\u00edrito de equipe!<\/p>\n<p>De um lado, a Equipe Voghera. Do outro, a Equipe Schiapparoli. Duas equipes, duas cores, muita garra e um \u00fanico objetivo: dar o melhor de si!<\/p>\n<p>Mais do que uma disputa, a gincana foi um momento de integra\u00e7\u00e3o, amizade, criatividade e aprendizado, mostrando que juntos podemos transformar cada desafio em uma experi\u00eancia inesquec\u00edvel.<\/p>\n<p>Parab\u00e9ns a todos os alunos, professores e colaboradores que fizeram dessa gincana um verdadeiro espet\u00e1culo!<\/p>\nngg_shortcode_0_placeholder\n","protected":false},"excerpt":{"rendered":"<p>Foi dia de muita anima\u00e7\u00e3o, desafios, torcida e, claro, esp\u00edrito de equipe! De um lado, a Equipe Voghera. Do outro, a Equipe Schiapparoli. Duas equipes, duas cores, muita garra e um \u00fanico objetivo: dar o melhor de si! Mais do que uma disputa, a gincana foi um momento de integra\u00e7\u00e3o, amizade, criatividade e aprendizado, mostrando&#8230;<\/p>\n","protected":false},"author":4,"featured_media":32490,"comment_status":"closed","ping_status":"closed","sticky":false,"template":"","format":"standard","meta":{"_monsterinsights_skip_tracking":false,"ngg_post_thumbnail":0,"footnotes":""},"categories":[111,88,89,90,82],"tags":[],"class_list":["post-32433","post","type-post","status-publish","format-standard","has-post-thumbnail","hentry","category-noticias-ano2026","category-ed-infantil","category-ens-fund_i","category-ens-fund_ii","category-noticias"],"_links":{"self":[{"href":"https:\/\/redebeneditina.org.br\/cjn\/wp-json\/wp\/v2\/posts\/32433","targetHints":{"allow":["GET"]}}],"collection":[{"href":"https:\/\/redebeneditina.org.br\/cjn\/wp-json\/wp\/v2\/posts"}],"about":[{"href":"https:\/\/redebeneditina.org.br\/cjn\/wp-json\/wp\/v2\/types\/post"}],"author":[{"embeddable":true,"href":"https:\/\/redebeneditina.org.br\/cjn\/wp-json\/wp\/v2\/users\/4"}],"replies":[{"embeddable":true,"href":"https:\/\/redebeneditina.org.br\/cjn\/wp-json\/wp\/v2\/comments?post=32433"}],"version-history":[{"count":1,"href":"https:\/\/redebeneditina.org.br\/cjn\/wp-json\/wp\/v2\/posts\/32433\/revisions"}],"predecessor-version":[{"id":32623,"href":"https:\/\/redebeneditina.org.br\/cjn\/wp-json\/wp\/v2\/posts\/32433\/revisions\/32623"}],"wp:featuredmedia":[{"embeddable":true,"href":"https:\/\/redebeneditina.org.br\/cjn\/wp-json\/wp\/v2\/media\/32490"}],"wp:attachment":[{"href":"https:\/\/redebeneditina.org.br\/cjn\/wp-json\/wp\/v2\/media?parent=32433"}],"wp:term":[{"taxonomy":"category","embeddable":true,"href":"https:\/\/redebeneditina.org.br\/cjn\/wp-json\/wp\/v2\/categories?post=32433"},{"taxonomy":"post_tag","embeddable":true,"href":"https:\/\/redebeneditina.org.br\/cjn\/wp-json\/wp\/v2\/tags?post=32433"}],"curies":[{"name":"wp","href":"https:\/\/api.w.org\/{rel}","templated":true}]}}