{"id":32624,"date":"2026-08-21T17:41:52","date_gmt":"2026-08-21T20:41:52","guid":{"rendered":"https:\/\/redebeneditina.org.br\/cjn\/?p=32624"},"modified":"2026-09-01T17:46:11","modified_gmt":"2026-09-01T20:46:11","slug":"matriculas-abertas-no-colegio-jesus-de-nazare-2027","status":"publish","type":"post","link":"https:\/\/redebeneditina.org.br\/cjn\/matriculas-abertas-no-colegio-jesus-de-nazare-2027\/","title":{"rendered":"Matr\u00edculas Abertas no Col\u00e9gio Jesus de Nazar\u00e9 2027"},"content":{"rendered":"<p>O futuro come\u00e7a com as escolhas que fazemos hoje.<\/p>\n<p>No Col\u00e9gio Jesus de Nazar\u00e9, cada aluno \u00e9 acolhido, incentivado e preparado para aprender, crescer e transformar o mundo ao seu redor.<\/p>\n<p>\ud83d\udcda Educa\u00e7\u00e3o que vai al\u00e9m da sala de aula.<br \/>\n\ud83e\udd1d Valores que acompanham para a vida.<br \/>\n\ud83d\udc99 Uma parceria entre escola e fam\u00edlia que faz a diferen\u00e7a.<\/p>\n<p>Renove essa parceria e continue fazendo parte da nossa hist\u00f3ria!<\/p>\n<p>Garanta a vaga para 2027 e venha viver mais um ano de descobertas, aprendizados e conquistas conosco.<\/p>\n<p>\ud83d\udcc6 Entre em contato para agendar uma visita.<br \/>\n\ud83c\udfe0 Endere\u00e7o: Rua Gon\u00e7alves Ledo, 2361 &#8211; Real Copagri &#8211; Teresina &#8211; PI<br \/>\n\ud83d\udcde Contato: 86 3131 7400 | 99530 1078<br \/>\n\ud83c\udf10 Saiba mais em: https:\/\/redebeneditina.org.br\/cjn\/<\/p>\n<p>&nbsp;<\/p>\nngg_shortcode_0_placeholder\n","protected":false},"excerpt":{"rendered":"<p>O futuro come\u00e7a com as escolhas que fazemos hoje. No Col\u00e9gio Jesus de Nazar\u00e9, cada aluno \u00e9 acolhido, incentivado e preparado para aprender, crescer e transformar o mundo ao seu redor. \ud83d\udcda Educa\u00e7\u00e3o que vai al\u00e9m da sala de aula. \ud83e\udd1d Valores que acompanham para a vida. \ud83d\udc99 Uma parceria entre escola e fam\u00edlia que&#8230;<\/p>\n","protected":false},"author":4,"featured_media":32625,"comment_status":"closed","ping_status":"closed","sticky":false,"template":"","format":"standard","meta":{"_monsterinsights_skip_tracking":false,"ngg_post_thumbnail":0,"footnotes":""},"categories":[111,88,89,90,82],"tags":[],"class_list":["post-32624","post","type-post","status-publish","format-standard","has-post-thumbnail","hentry","category-noticias-ano2026","category-ed-infantil","category-ens-fund_i","category-ens-fund_ii","category-noticias"],"_links":{"self":[{"href":"https:\/\/redebeneditina.org.br\/cjn\/wp-json\/wp\/v2\/posts\/32624","targetHints":{"allow":["GET"]}}],"collection":[{"href":"https:\/\/redebeneditina.org.br\/cjn\/wp-json\/wp\/v2\/posts"}],"about":[{"href":"https:\/\/redebeneditina.org.br\/cjn\/wp-json\/wp\/v2\/types\/post"}],"author":[{"embeddable":true,"href":"https:\/\/redebeneditina.org.br\/cjn\/wp-json\/wp\/v2\/users\/4"}],"replies":[{"embeddable":true,"href":"https:\/\/redebeneditina.org.br\/cjn\/wp-json\/wp\/v2\/comments?post=32624"}],"version-history":[{"count":1,"href":"https:\/\/redebeneditina.org.br\/cjn\/wp-json\/wp\/v2\/posts\/32624\/revisions"}],"predecessor-version":[{"id":32640,"href":"https:\/\/redebeneditina.org.br\/cjn\/wp-json\/wp\/v2\/posts\/32624\/revisions\/32640"}],"wp:featuredmedia":[{"embeddable":true,"href":"https:\/\/redebeneditina.org.br\/cjn\/wp-json\/wp\/v2\/media\/32625"}],"wp:attachment":[{"href":"https:\/\/redebeneditina.org.br\/cjn\/wp-json\/wp\/v2\/media?parent=32624"}],"wp:term":[{"taxonomy":"category","embeddable":true,"href":"https:\/\/redebeneditina.org.br\/cjn\/wp-json\/wp\/v2\/categories?post=32624"},{"taxonomy":"post_tag","embeddable":true,"href":"https:\/\/redebeneditina.org.br\/cjn\/wp-json\/wp\/v2\/tags?post=32624"}],"curies":[{"name":"wp","href":"https:\/\/api.w.org\/{rel}","templated":true}]}}