{"id":32695,"date":"2026-09-04T15:04:50","date_gmt":"2026-09-04T18:04:50","guid":{"rendered":"https:\/\/redebeneditina.org.br\/cjn\/?p=32695"},"modified":"2026-09-04T15:04:50","modified_gmt":"2026-09-04T18:04:50","slug":"um-desfile-para-celebrar-o-brasil","status":"publish","type":"post","link":"https:\/\/redebeneditina.org.br\/cjn\/um-desfile-para-celebrar-o-brasil\/","title":{"rendered":"Um desfile para celebrar o Brasil!"},"content":{"rendered":"<p>Com orgulho, alegria e muito entusiasmo, nossos alunos tomaram as ruas para celebrar o 7 de Setembro, vivenciando um momento de patriotismo, uni\u00e3o e respeito \u00e0 nossa hist\u00f3ria.<\/p>\n<p>Cada sorriso, cada passo e cada gesto tornaram esse dia ainda mais especial!<\/p>\nngg_shortcode_0_placeholder\n","protected":false},"excerpt":{"rendered":"<p>Com orgulho, alegria e muito entusiasmo, nossos alunos tomaram as ruas para celebrar o 7 de Setembro, vivenciando um momento de patriotismo, uni\u00e3o e respeito \u00e0 nossa hist\u00f3ria. Cada sorriso, cada passo e cada gesto tornaram esse dia ainda mais especial!<\/p>\n","protected":false},"author":4,"featured_media":32725,"comment_status":"closed","ping_status":"closed","sticky":false,"template":"","format":"standard","meta":{"_monsterinsights_skip_tracking":false,"ngg_post_thumbnail":0,"footnotes":""},"categories":[111,89,90,82],"tags":[],"class_list":["post-32695","post","type-post","status-publish","format-standard","has-post-thumbnail","hentry","category-noticias-ano2026","category-ens-fund_i","category-ens-fund_ii","category-noticias"],"_links":{"self":[{"href":"https:\/\/redebeneditina.org.br\/cjn\/wp-json\/wp\/v2\/posts\/32695","targetHints":{"allow":["GET"]}}],"collection":[{"href":"https:\/\/redebeneditina.org.br\/cjn\/wp-json\/wp\/v2\/posts"}],"about":[{"href":"https:\/\/redebeneditina.org.br\/cjn\/wp-json\/wp\/v2\/types\/post"}],"author":[{"embeddable":true,"href":"https:\/\/redebeneditina.org.br\/cjn\/wp-json\/wp\/v2\/users\/4"}],"replies":[{"embeddable":true,"href":"https:\/\/redebeneditina.org.br\/cjn\/wp-json\/wp\/v2\/comments?post=32695"}],"version-history":[{"count":1,"href":"https:\/\/redebeneditina.org.br\/cjn\/wp-json\/wp\/v2\/posts\/32695\/revisions"}],"predecessor-version":[{"id":32833,"href":"https:\/\/redebeneditina.org.br\/cjn\/wp-json\/wp\/v2\/posts\/32695\/revisions\/32833"}],"wp:featuredmedia":[{"embeddable":true,"href":"https:\/\/redebeneditina.org.br\/cjn\/wp-json\/wp\/v2\/media\/32725"}],"wp:attachment":[{"href":"https:\/\/redebeneditina.org.br\/cjn\/wp-json\/wp\/v2\/media?parent=32695"}],"wp:term":[{"taxonomy":"category","embeddable":true,"href":"https:\/\/redebeneditina.org.br\/cjn\/wp-json\/wp\/v2\/categories?post=32695"},{"taxonomy":"post_tag","embeddable":true,"href":"https:\/\/redebeneditina.org.br\/cjn\/wp-json\/wp\/v2\/tags?post=32695"}],"curies":[{"name":"wp","href":"https:\/\/api.w.org\/{rel}","templated":true}]}}