{"id":30443,"date":"2026-08-26T10:39:17","date_gmt":"2026-08-26T13:39:17","guid":{"rendered":"https:\/\/redebeneditina.org.br\/csb\/?p=30443"},"modified":"2026-08-26T10:39:17","modified_gmt":"2026-08-26T13:39:17","slug":"venha-conhecer-e-se-encantar-com-o-jeito-de-ser-do-colegio-sao-bento-2","status":"publish","type":"post","link":"https:\/\/redebeneditina.org.br\/csb\/venha-conhecer-e-se-encantar-com-o-jeito-de-ser-do-colegio-sao-bento-2\/","title":{"rendered":"Venha conhecer e se encantar com o jeito de ser do Col\u00e9gio S\u00e3o Bento!"},"content":{"rendered":"<p>No dia 19 de setembro, das 9h \u00e0s 12h, o Encantar CSB ser\u00e1 um momento especial para as fam\u00edlias conhecerem de perto a nova unidade da Rede Beneditina de Educa\u00e7\u00e3o, em Santana de Parna\u00edba.<\/p>\n<p>Com d\u00e9cadas de tradi\u00e7\u00e3o no ensino, a Rede Beneditina tem como prop\u00f3sito acolher, assistir e educar, unindo valores humanos e crist\u00e3os a uma forma\u00e7\u00e3o acad\u00eamica s\u00f3lida e preparada para os desafios do mundo contempor\u00e2neo. \u2728<\/p>\n<p>Ser\u00e1 uma oportunidade para conhecer nossa proposta pedag\u00f3gica, nossos espa\u00e7os e tudo o que estamos preparando para nossos alunos da Educa\u00e7\u00e3o Infantil ao Ensino Fundamental \u2013 Anos Iniciais.<\/p>\n<p>E tem mais novidade: teremos Contraturno! \ud83d\udc99<\/p>\n<p>Ent\u00e3o, n\u00e3o esque\u00e7a e fa\u00e7a j\u00e1 a sua inscri\u00e7\u00e3o! \ud83d\udc47<\/p>\n<p>\ud83d\udcc5 19 de setembro de 2026, s\u00e1bado<br \/>\n\u23f0 Das 9h \u00e0s 12h<br \/>\n\ud83d\udccd Col\u00e9gio S\u00e3o Bento \u2013 Rua Pedro Proc\u00f3pio, 100 \u2013 Centro \u2013 Santana de Parna\u00edba\/SP<br \/>\n\ud83d\udcdd Inscri\u00e7\u00f5es: <strong><a href=\"https:\/\/docs.google.com\/forms\/d\/e\/1FAIpQLSet0U7m0l8GwliAs5Nnwv1QT7wLSWvlSySAljEIZDZ44cmg8g\/viewform\">Clique aqui para fazer sua inscri\u00e7\u00e3o<\/a><\/strong> ou pelo WhatsApp: <a href=\"https:\/\/wa.me\/5511976305421\">(11) 97630-5421<\/a><\/p>\n<p>Venha fazer parte da nossa hist\u00f3ria e descobrir tudo o que o Col\u00e9gio S\u00e3o Bento tem para oferecer. Esperamos por voc\u00ea!<\/p>\n","protected":false},"excerpt":{"rendered":"<p>No dia 19 de setembro, das 9h \u00e0s 12h, o Encantar CSB ser\u00e1 um momento especial para as fam\u00edlias conhecerem de perto a nova unidade da Rede Beneditina de Educa\u00e7\u00e3o, em Santana de Parna\u00edba. Com d\u00e9cadas de tradi\u00e7\u00e3o no ensino, a Rede Beneditina tem como prop\u00f3sito acolher, assistir e educar, unindo valores humanos e crist\u00e3os&#8230;<\/p>\n","protected":false},"author":6,"featured_media":30444,"comment_status":"closed","ping_status":"closed","sticky":false,"template":"","format":"standard","meta":{"ngg_post_thumbnail":0,"footnotes":""},"categories":[111,88,89,82],"tags":[],"class_list":["post-30443","post","type-post","status-publish","format-standard","has-post-thumbnail","hentry","category-noticias-ano2026","category-ed-infantil","category-ens-fund_i","category-noticias"],"_links":{"self":[{"href":"https:\/\/redebeneditina.org.br\/csb\/wp-json\/wp\/v2\/posts\/30443","targetHints":{"allow":["GET"]}}],"collection":[{"href":"https:\/\/redebeneditina.org.br\/csb\/wp-json\/wp\/v2\/posts"}],"about":[{"href":"https:\/\/redebeneditina.org.br\/csb\/wp-json\/wp\/v2\/types\/post"}],"author":[{"embeddable":true,"href":"https:\/\/redebeneditina.org.br\/csb\/wp-json\/wp\/v2\/users\/6"}],"replies":[{"embeddable":true,"href":"https:\/\/redebeneditina.org.br\/csb\/wp-json\/wp\/v2\/comments?post=30443"}],"version-history":[{"count":1,"href":"https:\/\/redebeneditina.org.br\/csb\/wp-json\/wp\/v2\/posts\/30443\/revisions"}],"predecessor-version":[{"id":30445,"href":"https:\/\/redebeneditina.org.br\/csb\/wp-json\/wp\/v2\/posts\/30443\/revisions\/30445"}],"wp:featuredmedia":[{"embeddable":true,"href":"https:\/\/redebeneditina.org.br\/csb\/wp-json\/wp\/v2\/media\/30444"}],"wp:attachment":[{"href":"https:\/\/redebeneditina.org.br\/csb\/wp-json\/wp\/v2\/media?parent=30443"}],"wp:term":[{"taxonomy":"category","embeddable":true,"href":"https:\/\/redebeneditina.org.br\/csb\/wp-json\/wp\/v2\/categories?post=30443"},{"taxonomy":"post_tag","embeddable":true,"href":"https:\/\/redebeneditina.org.br\/csb\/wp-json\/wp\/v2\/tags?post=30443"}],"curies":[{"name":"wp","href":"https:\/\/api.w.org\/{rel}","templated":true}]}}