{"id":12819,"date":"2023-06-07T10:22:56","date_gmt":"2023-06-07T10:22:56","guid":{"rendered":"https:\/\/redebeneditina.org.br\/isf\/?p=12819"},"modified":"2023-06-14T11:23:57","modified_gmt":"2023-06-14T11:23:57","slug":"matriculas-abertas-2023","status":"publish","type":"post","link":"https:\/\/redebeneditina.org.br\/isf\/matriculas-abertas-2023\/","title":{"rendered":"Matr\u00edculas Abertas 2023"},"content":{"rendered":"<p>MATR\u00cdCULAS ABERTAS PARA 2023!<\/p>\n<p>Venha conhecer nosso jeito de ser!<\/p>\n<p>Para mais informa\u00e7\u00f5es, entre em contato:<\/p>\n<p>\ud83d\udce7<a href=\"mailto:secretaria.isf@redebeneditina.com.br\">secretaria.isf@redebeneditina.com.br<\/a><\/p>\n<p>\ud83d\udcde4422 4430<\/p>\n","protected":false},"excerpt":{"rendered":"<p>MATR\u00cdCULAS ABERTAS PARA 2023! Venha conhecer nosso jeito de ser! Para mais informa\u00e7\u00f5es, entre em contato: \ud83d\udce7secretaria.isf@redebeneditina.com.br \ud83d\udcde4422 4430<\/p>\n","protected":false},"author":4,"featured_media":12820,"comment_status":"closed","ping_status":"closed","sticky":false,"template":"","format":"standard","meta":{"_monsterinsights_skip_tracking":false,"_monsterinsights_sitenote_active":false,"_monsterinsights_sitenote_note":"","_monsterinsights_sitenote_category":0,"ngg_post_thumbnail":0,"footnotes":""},"categories":[84,88,89,90,91,82],"tags":[],"class_list":["post-12819","post","type-post","status-publish","format-standard","has-post-thumbnail","hentry","category-ano-2023","category-ed-infantil","category-ens-fund_i","category-ens-fund_ii","category-ens-medio","category-noticias"],"_links":{"self":[{"href":"https:\/\/redebeneditina.org.br\/isf\/wp-json\/wp\/v2\/posts\/12819","targetHints":{"allow":["GET"]}}],"collection":[{"href":"https:\/\/redebeneditina.org.br\/isf\/wp-json\/wp\/v2\/posts"}],"about":[{"href":"https:\/\/redebeneditina.org.br\/isf\/wp-json\/wp\/v2\/types\/post"}],"author":[{"embeddable":true,"href":"https:\/\/redebeneditina.org.br\/isf\/wp-json\/wp\/v2\/users\/4"}],"replies":[{"embeddable":true,"href":"https:\/\/redebeneditina.org.br\/isf\/wp-json\/wp\/v2\/comments?post=12819"}],"version-history":[{"count":0,"href":"https:\/\/redebeneditina.org.br\/isf\/wp-json\/wp\/v2\/posts\/12819\/revisions"}],"wp:featuredmedia":[{"embeddable":true,"href":"https:\/\/redebeneditina.org.br\/isf\/wp-json\/wp\/v2\/media\/12820"}],"wp:attachment":[{"href":"https:\/\/redebeneditina.org.br\/isf\/wp-json\/wp\/v2\/media?parent=12819"}],"wp:term":[{"taxonomy":"category","embeddable":true,"href":"https:\/\/redebeneditina.org.br\/isf\/wp-json\/wp\/v2\/categories?post=12819"},{"taxonomy":"post_tag","embeddable":true,"href":"https:\/\/redebeneditina.org.br\/isf\/wp-json\/wp\/v2\/tags?post=12819"}],"curies":[{"name":"wp","href":"https:\/\/api.w.org\/{rel}","templated":true}]}}