{"id":12833,"date":"2023-06-01T10:38:19","date_gmt":"2023-06-01T10:38:19","guid":{"rendered":"https:\/\/redebeneditina.org.br\/isf\/?p=12833"},"modified":"2023-06-19T22:26:32","modified_gmt":"2023-06-19T22:26:32","slug":"bencao-do-ano-letivo-2023","status":"publish","type":"post","link":"https:\/\/redebeneditina.org.br\/isf\/bencao-do-ano-letivo-2023\/","title":{"rendered":"Ben\u00e7\u00e3o do Ano Letivo 2023"},"content":{"rendered":"<p>Ben\u00e7\u00e3o do ano letivo 2023, Deus Conosco hoje e sempre em nossa Fam\u00edlia ISF.<\/p>\n<p>Dando abertura ao ano letivo no ISF, o sacerdote Pe. Carlos Alberto do C. Barbosa, Scalabriniano de S\u00e3o Bernardo do Campo, nesse dia 26 de janeiro, foi o instrumento e Provid\u00eancia de Deus, para a nossa fam\u00edlia educacional.<\/p>\n<p>Nossos alunos funcion\u00e1rios e colaboradores receberam a ben\u00e7\u00e3o de Deus para o in\u00edcio deste ano.<\/p>\n<p>Confira as fotos:<\/p>\nngg_shortcode_0_placeholder\n","protected":false},"excerpt":{"rendered":"<p>Ben\u00e7\u00e3o do ano letivo 2023, Deus Conosco hoje e sempre em nossa Fam\u00edlia ISF. Dando abertura ao ano letivo no ISF, o sacerdote Pe. Carlos Alberto do C. Barbosa, Scalabriniano de S\u00e3o Bernardo do Campo, nesse dia 26 de janeiro, foi o instrumento e Provid\u00eancia de Deus, para a nossa fam\u00edlia educacional. Nossos alunos funcion\u00e1rios&#8230;<\/p>\n","protected":false},"author":4,"featured_media":12834,"comment_status":"closed","ping_status":"closed","sticky":false,"template":"","format":"standard","meta":{"_monsterinsights_skip_tracking":false,"_monsterinsights_sitenote_active":false,"_monsterinsights_sitenote_note":"","_monsterinsights_sitenote_category":0,"ngg_post_thumbnail":0,"footnotes":""},"categories":[84,88,89,90,91,82],"tags":[],"class_list":["post-12833","post","type-post","status-publish","format-standard","has-post-thumbnail","hentry","category-ano-2023","category-ed-infantil","category-ens-fund_i","category-ens-fund_ii","category-ens-medio","category-noticias"],"_links":{"self":[{"href":"https:\/\/redebeneditina.org.br\/isf\/wp-json\/wp\/v2\/posts\/12833","targetHints":{"allow":["GET"]}}],"collection":[{"href":"https:\/\/redebeneditina.org.br\/isf\/wp-json\/wp\/v2\/posts"}],"about":[{"href":"https:\/\/redebeneditina.org.br\/isf\/wp-json\/wp\/v2\/types\/post"}],"author":[{"embeddable":true,"href":"https:\/\/redebeneditina.org.br\/isf\/wp-json\/wp\/v2\/users\/4"}],"replies":[{"embeddable":true,"href":"https:\/\/redebeneditina.org.br\/isf\/wp-json\/wp\/v2\/comments?post=12833"}],"version-history":[{"count":0,"href":"https:\/\/redebeneditina.org.br\/isf\/wp-json\/wp\/v2\/posts\/12833\/revisions"}],"wp:featuredmedia":[{"embeddable":true,"href":"https:\/\/redebeneditina.org.br\/isf\/wp-json\/wp\/v2\/media\/12834"}],"wp:attachment":[{"href":"https:\/\/redebeneditina.org.br\/isf\/wp-json\/wp\/v2\/media?parent=12833"}],"wp:term":[{"taxonomy":"category","embeddable":true,"href":"https:\/\/redebeneditina.org.br\/isf\/wp-json\/wp\/v2\/categories?post=12833"},{"taxonomy":"post_tag","embeddable":true,"href":"https:\/\/redebeneditina.org.br\/isf\/wp-json\/wp\/v2\/tags?post=12833"}],"curies":[{"name":"wp","href":"https:\/\/api.w.org\/{rel}","templated":true}]}}