{"id":12844,"date":"2023-06-03T10:51:34","date_gmt":"2023-06-03T10:51:34","guid":{"rendered":"https:\/\/redebeneditina.org.br\/isf\/?p=12844"},"modified":"2023-06-19T22:28:07","modified_gmt":"2023-06-19T22:28:07","slug":"carnaval-isf-2023","status":"publish","type":"post","link":"https:\/\/redebeneditina.org.br\/isf\/carnaval-isf-2023\/","title":{"rendered":"Carnaval ISF 2023"},"content":{"rendered":"<p>O carnaval chegou no instituto Sagrada Fam\u00edlia momento de muita alegria e integra\u00e7\u00e3o entre crian\u00e7a, professores,colaboradores e irm\u00e3s , muita divers\u00e3o !<\/p>\n<p>Confira as fotos:<\/p>\nngg_shortcode_0_placeholder\n","protected":false},"excerpt":{"rendered":"<p>O carnaval chegou no instituto Sagrada Fam\u00edlia momento de muita alegria e integra\u00e7\u00e3o entre crian\u00e7a, professores,colaboradores e irm\u00e3s , muita divers\u00e3o ! Confira as fotos:<\/p>\n","protected":false},"author":4,"featured_media":12845,"comment_status":"closed","ping_status":"closed","sticky":false,"template":"","format":"standard","meta":{"_monsterinsights_skip_tracking":false,"_monsterinsights_sitenote_active":false,"_monsterinsights_sitenote_note":"","_monsterinsights_sitenote_category":0,"ngg_post_thumbnail":0,"footnotes":""},"categories":[84,88,89,90,91,82],"tags":[],"class_list":["post-12844","post","type-post","status-publish","format-standard","has-post-thumbnail","hentry","category-ano-2023","category-ed-infantil","category-ens-fund_i","category-ens-fund_ii","category-ens-medio","category-noticias"],"_links":{"self":[{"href":"https:\/\/redebeneditina.org.br\/isf\/wp-json\/wp\/v2\/posts\/12844","targetHints":{"allow":["GET"]}}],"collection":[{"href":"https:\/\/redebeneditina.org.br\/isf\/wp-json\/wp\/v2\/posts"}],"about":[{"href":"https:\/\/redebeneditina.org.br\/isf\/wp-json\/wp\/v2\/types\/post"}],"author":[{"embeddable":true,"href":"https:\/\/redebeneditina.org.br\/isf\/wp-json\/wp\/v2\/users\/4"}],"replies":[{"embeddable":true,"href":"https:\/\/redebeneditina.org.br\/isf\/wp-json\/wp\/v2\/comments?post=12844"}],"version-history":[{"count":0,"href":"https:\/\/redebeneditina.org.br\/isf\/wp-json\/wp\/v2\/posts\/12844\/revisions"}],"wp:featuredmedia":[{"embeddable":true,"href":"https:\/\/redebeneditina.org.br\/isf\/wp-json\/wp\/v2\/media\/12845"}],"wp:attachment":[{"href":"https:\/\/redebeneditina.org.br\/isf\/wp-json\/wp\/v2\/media?parent=12844"}],"wp:term":[{"taxonomy":"category","embeddable":true,"href":"https:\/\/redebeneditina.org.br\/isf\/wp-json\/wp\/v2\/categories?post=12844"},{"taxonomy":"post_tag","embeddable":true,"href":"https:\/\/redebeneditina.org.br\/isf\/wp-json\/wp\/v2\/tags?post=12844"}],"curies":[{"name":"wp","href":"https:\/\/api.w.org\/{rel}","templated":true}]}}