{"id":14923,"date":"2023-08-23T21:15:36","date_gmt":"2023-08-24T00:15:36","guid":{"rendered":"https:\/\/redebeneditina.org.br\/isf\/?p=14923"},"modified":"2023-08-24T09:13:39","modified_gmt":"2023-08-24T12:13:39","slug":"festa-da-familia-2","status":"publish","type":"post","link":"https:\/\/redebeneditina.org.br\/isf\/festa-da-familia-2\/","title":{"rendered":"Festa da Fam\u00edlia"},"content":{"rendered":"<p>Um dia m\u00e1gico e cheio de amor! Registros das fotos da incr\u00edvel festa da fam\u00edlia, realizada em 19 de agosto.<\/p>\n<p>Celebramos a vida, reencontramos entes queridos e fortalecemos os la\u00e7os que nos unem.<\/p>\n<p>Momentos de pura divers\u00e3o, risos contagiantes e mem\u00f3rias que iremos guardar para sempre.<\/p>\n<p>Gratid\u00e3o pela oportunidade de compartilhar essas lembran\u00e7as especiais com voc\u00eas.&nbsp;<\/p>\n<p>Confira as fotos:<\/p>\n<p>ngg_shortcode_0_placeholderConfira os v\u00eddeos em nosso canal no YouTube: <a href=\"https:\/\/www.youtube.com\/channel\/UCP8-dpNG-T-64J921Z83G7A\">https:\/\/www.youtube.com\/channel\/UCP8-dpNG-T-64J921Z83G7A<\/a><\/p>\n<p>&nbsp;<\/p>\n","protected":false},"excerpt":{"rendered":"<p>Um dia m\u00e1gico e cheio de amor! Registros das fotos da incr\u00edvel festa da fam\u00edlia, realizada em 19 de agosto. Celebramos a vida, reencontramos entes queridos e fortalecemos os la\u00e7os que nos unem. Momentos de pura divers\u00e3o, risos contagiantes e mem\u00f3rias que iremos guardar para sempre. Gratid\u00e3o pela oportunidade de compartilhar essas lembran\u00e7as especiais com&#8230;<\/p>\n","protected":false},"author":4,"featured_media":14924,"comment_status":"closed","ping_status":"closed","sticky":false,"template":"","format":"standard","meta":{"_monsterinsights_skip_tracking":false,"_monsterinsights_sitenote_active":false,"_monsterinsights_sitenote_note":"","_monsterinsights_sitenote_category":0,"ngg_post_thumbnail":0,"footnotes":""},"categories":[84,92,88,89,90,91,82],"tags":[],"class_list":["post-14923","post","type-post","status-publish","format-standard","has-post-thumbnail","hentry","category-ano-2023","category-contraturno","category-ed-infantil","category-ens-fund_i","category-ens-fund_ii","category-ens-medio","category-noticias"],"_links":{"self":[{"href":"https:\/\/redebeneditina.org.br\/isf\/wp-json\/wp\/v2\/posts\/14923","targetHints":{"allow":["GET"]}}],"collection":[{"href":"https:\/\/redebeneditina.org.br\/isf\/wp-json\/wp\/v2\/posts"}],"about":[{"href":"https:\/\/redebeneditina.org.br\/isf\/wp-json\/wp\/v2\/types\/post"}],"author":[{"embeddable":true,"href":"https:\/\/redebeneditina.org.br\/isf\/wp-json\/wp\/v2\/users\/4"}],"replies":[{"embeddable":true,"href":"https:\/\/redebeneditina.org.br\/isf\/wp-json\/wp\/v2\/comments?post=14923"}],"version-history":[{"count":0,"href":"https:\/\/redebeneditina.org.br\/isf\/wp-json\/wp\/v2\/posts\/14923\/revisions"}],"wp:featuredmedia":[{"embeddable":true,"href":"https:\/\/redebeneditina.org.br\/isf\/wp-json\/wp\/v2\/media\/14924"}],"wp:attachment":[{"href":"https:\/\/redebeneditina.org.br\/isf\/wp-json\/wp\/v2\/media?parent=14923"}],"wp:term":[{"taxonomy":"category","embeddable":true,"href":"https:\/\/redebeneditina.org.br\/isf\/wp-json\/wp\/v2\/categories?post=14923"},{"taxonomy":"post_tag","embeddable":true,"href":"https:\/\/redebeneditina.org.br\/isf\/wp-json\/wp\/v2\/tags?post=14923"}],"curies":[{"name":"wp","href":"https:\/\/api.w.org\/{rel}","templated":true}]}}