{"id":16819,"date":"2023-12-01T14:55:06","date_gmt":"2023-12-01T17:55:06","guid":{"rendered":"https:\/\/redebeneditina.org.br\/isf\/?p=16819"},"modified":"2023-12-01T14:55:06","modified_gmt":"2023-12-01T17:55:06","slug":"plantao-de-duvidas","status":"publish","type":"post","link":"https:\/\/redebeneditina.org.br\/isf\/plantao-de-duvidas\/","title":{"rendered":"Plant\u00e3o de D\u00favidas"},"content":{"rendered":"<p>No dia 12\/12\/2023, ter\u00e7a-feira, teremos o Plant\u00e3o de D\u00favidas para os alunos da Educa\u00e7\u00e3o Infantil ao Ensino M\u00e9dio.<\/p>\n<p>Confira a grade de hor\u00e1rio.<\/p>\n<p>Estamos prontos para oferecer todo o suporte necess\u00e1rio para garantir o melhor aprendizado para nossos alunos.<\/p>\n","protected":false},"excerpt":{"rendered":"<p>No dia 12\/12\/2023, ter\u00e7a-feira, teremos o Plant\u00e3o de D\u00favidas para os alunos da Educa\u00e7\u00e3o Infantil ao Ensino M\u00e9dio. Confira a grade de hor\u00e1rio. Estamos prontos para oferecer todo o suporte necess\u00e1rio para garantir o melhor aprendizado para nossos alunos.<\/p>\n","protected":false},"author":4,"featured_media":16820,"comment_status":"closed","ping_status":"closed","sticky":false,"template":"","format":"standard","meta":{"_monsterinsights_skip_tracking":false,"_monsterinsights_sitenote_active":false,"_monsterinsights_sitenote_note":"","_monsterinsights_sitenote_category":0,"ngg_post_thumbnail":0,"footnotes":""},"categories":[84,92,88,89,90,91,82],"tags":[],"class_list":["post-16819","post","type-post","status-publish","format-standard","has-post-thumbnail","hentry","category-ano-2023","category-contraturno","category-ed-infantil","category-ens-fund_i","category-ens-fund_ii","category-ens-medio","category-noticias"],"_links":{"self":[{"href":"https:\/\/redebeneditina.org.br\/isf\/wp-json\/wp\/v2\/posts\/16819","targetHints":{"allow":["GET"]}}],"collection":[{"href":"https:\/\/redebeneditina.org.br\/isf\/wp-json\/wp\/v2\/posts"}],"about":[{"href":"https:\/\/redebeneditina.org.br\/isf\/wp-json\/wp\/v2\/types\/post"}],"author":[{"embeddable":true,"href":"https:\/\/redebeneditina.org.br\/isf\/wp-json\/wp\/v2\/users\/4"}],"replies":[{"embeddable":true,"href":"https:\/\/redebeneditina.org.br\/isf\/wp-json\/wp\/v2\/comments?post=16819"}],"version-history":[{"count":0,"href":"https:\/\/redebeneditina.org.br\/isf\/wp-json\/wp\/v2\/posts\/16819\/revisions"}],"wp:featuredmedia":[{"embeddable":true,"href":"https:\/\/redebeneditina.org.br\/isf\/wp-json\/wp\/v2\/media\/16820"}],"wp:attachment":[{"href":"https:\/\/redebeneditina.org.br\/isf\/wp-json\/wp\/v2\/media?parent=16819"}],"wp:term":[{"taxonomy":"category","embeddable":true,"href":"https:\/\/redebeneditina.org.br\/isf\/wp-json\/wp\/v2\/categories?post=16819"},{"taxonomy":"post_tag","embeddable":true,"href":"https:\/\/redebeneditina.org.br\/isf\/wp-json\/wp\/v2\/tags?post=16819"}],"curies":[{"name":"wp","href":"https:\/\/api.w.org\/{rel}","templated":true}]}}