{"id":17291,"date":"2023-12-12T14:31:08","date_gmt":"2023-12-12T17:31:08","guid":{"rendered":"https:\/\/redebeneditina.org.br\/isf\/?p=17291"},"modified":"2023-12-13T15:23:04","modified_gmt":"2023-12-13T18:23:04","slug":"natal-solidario-agradecimento-e-entrega","status":"publish","type":"post","link":"https:\/\/redebeneditina.org.br\/isf\/natal-solidario-agradecimento-e-entrega\/","title":{"rendered":"Natal Solid\u00e1rio &#8211; Agradecimento e entrega"},"content":{"rendered":"<p>Expressamos nossa profunda gratid\u00e3o a todos, que estiveram presentes e contribu\u00edram para tornar o esp\u00edrito natalino ainda mais especial, incluindo o projeto Ciranda da Rede Beneditina.<\/p>\n<p>Sua generosidade, apoio e amor ajudaram a espalhar alegria, esperan\u00e7a, f\u00e9 e bondade durante essa \u00e9poca t\u00e3o especial do ano.<\/p>\n<p>Que suas boas a\u00e7\u00f5es sejam retribu\u00eddas em dobro e que a magia do Natal esteja sempre presente em suas vidas. Gratid\u00e3o!<\/p>\n<p>Confira as fotos:<\/p>\nngg_shortcode_0_placeholder\n","protected":false},"excerpt":{"rendered":"<p>Expressamos nossa profunda gratid\u00e3o a todos, que estiveram presentes e contribu\u00edram para tornar o esp\u00edrito natalino ainda mais especial, incluindo o projeto Ciranda da Rede Beneditina. Sua generosidade, apoio e amor ajudaram a espalhar alegria, esperan\u00e7a, f\u00e9 e bondade durante essa \u00e9poca t\u00e3o especial do ano. Que suas boas a\u00e7\u00f5es sejam retribu\u00eddas em dobro e&#8230;<\/p>\n","protected":false},"author":4,"featured_media":17292,"comment_status":"closed","ping_status":"closed","sticky":false,"template":"","format":"standard","meta":{"_monsterinsights_skip_tracking":false,"_monsterinsights_sitenote_active":false,"_monsterinsights_sitenote_note":"","_monsterinsights_sitenote_category":0,"ngg_post_thumbnail":0,"footnotes":""},"categories":[84,88,89,90,91,82,94],"tags":[],"class_list":["post-17291","post","type-post","status-publish","format-standard","has-post-thumbnail","hentry","category-ano-2023","category-ed-infantil","category-ens-fund_i","category-ens-fund_ii","category-ens-medio","category-noticias","category-pastoral-escolar"],"_links":{"self":[{"href":"https:\/\/redebeneditina.org.br\/isf\/wp-json\/wp\/v2\/posts\/17291","targetHints":{"allow":["GET"]}}],"collection":[{"href":"https:\/\/redebeneditina.org.br\/isf\/wp-json\/wp\/v2\/posts"}],"about":[{"href":"https:\/\/redebeneditina.org.br\/isf\/wp-json\/wp\/v2\/types\/post"}],"author":[{"embeddable":true,"href":"https:\/\/redebeneditina.org.br\/isf\/wp-json\/wp\/v2\/users\/4"}],"replies":[{"embeddable":true,"href":"https:\/\/redebeneditina.org.br\/isf\/wp-json\/wp\/v2\/comments?post=17291"}],"version-history":[{"count":0,"href":"https:\/\/redebeneditina.org.br\/isf\/wp-json\/wp\/v2\/posts\/17291\/revisions"}],"wp:featuredmedia":[{"embeddable":true,"href":"https:\/\/redebeneditina.org.br\/isf\/wp-json\/wp\/v2\/media\/17292"}],"wp:attachment":[{"href":"https:\/\/redebeneditina.org.br\/isf\/wp-json\/wp\/v2\/media?parent=17291"}],"wp:term":[{"taxonomy":"category","embeddable":true,"href":"https:\/\/redebeneditina.org.br\/isf\/wp-json\/wp\/v2\/categories?post=17291"},{"taxonomy":"post_tag","embeddable":true,"href":"https:\/\/redebeneditina.org.br\/isf\/wp-json\/wp\/v2\/tags?post=17291"}],"curies":[{"name":"wp","href":"https:\/\/api.w.org\/{rel}","templated":true}]}}