{"id":18158,"date":"2024-02-23T18:44:10","date_gmt":"2024-02-23T21:44:10","guid":{"rendered":"https:\/\/redebeneditina.org.br\/isf\/?p=18158"},"modified":"2024-02-23T18:44:10","modified_gmt":"2024-02-23T21:44:10","slug":"planetas-em-um-frasco","status":"publish","type":"post","link":"https:\/\/redebeneditina.org.br\/isf\/planetas-em-um-frasco\/","title":{"rendered":"Planetas em um frasco"},"content":{"rendered":"<div dir=\"auto\">Conhecer a forma\u00e7\u00e3o dos planetas a partir de um experimento cient\u00edfico foi o desafio dado aos alunos do Contraturno.<\/div>\n<div dir=\"auto\">Venha fazer parte do nosso &#8220;Jeito de Ser&#8221; e embarque nessa experi\u00eancia empolgante rumo \u00e0 divers\u00e3o e novas descobertas!<\/div>\n<div dir=\"auto\">ngg_shortcode_0_placeholder<\/div>\n","protected":false},"excerpt":{"rendered":"<p>Conhecer a forma\u00e7\u00e3o dos planetas a partir de um experimento cient\u00edfico foi o desafio dado aos alunos do Contraturno. Venha fazer parte do nosso &#8220;Jeito de Ser&#8221; e embarque nessa experi\u00eancia empolgante rumo \u00e0 divers\u00e3o e novas descobertas!<\/p>\n","protected":false},"author":4,"featured_media":18168,"comment_status":"closed","ping_status":"closed","sticky":false,"template":"","format":"standard","meta":{"_monsterinsights_skip_tracking":false,"_monsterinsights_sitenote_active":false,"_monsterinsights_sitenote_note":"","_monsterinsights_sitenote_category":0,"ngg_post_thumbnail":0,"footnotes":""},"categories":[105,92,88,89,82],"tags":[],"class_list":["post-18158","post","type-post","status-publish","format-standard","has-post-thumbnail","hentry","category-noticia-ano2024","category-contraturno","category-ed-infantil","category-ens-fund_i","category-noticias"],"_links":{"self":[{"href":"https:\/\/redebeneditina.org.br\/isf\/wp-json\/wp\/v2\/posts\/18158","targetHints":{"allow":["GET"]}}],"collection":[{"href":"https:\/\/redebeneditina.org.br\/isf\/wp-json\/wp\/v2\/posts"}],"about":[{"href":"https:\/\/redebeneditina.org.br\/isf\/wp-json\/wp\/v2\/types\/post"}],"author":[{"embeddable":true,"href":"https:\/\/redebeneditina.org.br\/isf\/wp-json\/wp\/v2\/users\/4"}],"replies":[{"embeddable":true,"href":"https:\/\/redebeneditina.org.br\/isf\/wp-json\/wp\/v2\/comments?post=18158"}],"version-history":[{"count":0,"href":"https:\/\/redebeneditina.org.br\/isf\/wp-json\/wp\/v2\/posts\/18158\/revisions"}],"wp:featuredmedia":[{"embeddable":true,"href":"https:\/\/redebeneditina.org.br\/isf\/wp-json\/wp\/v2\/media\/18168"}],"wp:attachment":[{"href":"https:\/\/redebeneditina.org.br\/isf\/wp-json\/wp\/v2\/media?parent=18158"}],"wp:term":[{"taxonomy":"category","embeddable":true,"href":"https:\/\/redebeneditina.org.br\/isf\/wp-json\/wp\/v2\/categories?post=18158"},{"taxonomy":"post_tag","embeddable":true,"href":"https:\/\/redebeneditina.org.br\/isf\/wp-json\/wp\/v2\/tags?post=18158"}],"curies":[{"name":"wp","href":"https:\/\/api.w.org\/{rel}","templated":true}]}}