{"id":18751,"date":"2024-04-04T17:20:53","date_gmt":"2024-04-04T20:20:53","guid":{"rendered":"https:\/\/redebeneditina.org.br\/isf\/?p=18751"},"modified":"2024-04-04T17:25:59","modified_gmt":"2024-04-04T20:25:59","slug":"detetives-da-dengue","status":"publish","type":"post","link":"https:\/\/redebeneditina.org.br\/isf\/detetives-da-dengue\/","title":{"rendered":"Detetives da Dengue"},"content":{"rendered":"<p>Os alunos da Educa\u00e7\u00e3o Infantil do Instituto Sagrada Fam\u00edlia se engajaram em uma iniciativa t\u00e3o importante! Eles realmente nos mostraram o quanto \u00e9 importante a conscientiza\u00e7\u00e3o e desde cedo na fam\u00edlia os pequenos serem educados sobre quest\u00f5es de sa\u00fade p\u00fablica.<\/p>\n<p>Foi incr\u00edvel ver os &#8220;detetives&#8221; da escola sob a orienta\u00e7\u00e3o das professoras observarem os espa\u00e7os, para identificarem a presen\u00e7a dos mosquitos transmissores da dengue.<\/p>\n<p>Todas desenvolveram uma for\u00e7a tarefa sem \u00eaxito de encontrar o que estavam buscando. Segundo a fala deles, a escola estava muito limpinha. E o sorriso foi un\u00e2nime!<\/p>\n<p>A miss\u00e3o foi cumprida deixando um jornal informativo sobre cuidados simples e essenciais na preven\u00e7\u00e3o da doen\u00e7a!!<\/p>\n<p>As crian\u00e7as e a Equipe Pedag\u00f3gica, com certeza, fizeram a diferen\u00e7a na luta contra a dengue.<\/p>\n<p>Veja os melhores momentos dessa a\u00e7\u00e3o atrav\u00e9s das fotos.<\/p>\n<p>ngg_shortcode_0_placeholderConfira o v\u00eddeo em nosso Instagram: <a href=\"https:\/\/www.instagram.com\/p\/C5WQtzEJKo4\/\">https:\/\/www.instagram.com\/p\/C5WQtzEJKo4\/<\/a><\/p>\n<p>&nbsp;<\/p>\n","protected":false},"excerpt":{"rendered":"<p>Os alunos da Educa\u00e7\u00e3o Infantil do Instituto Sagrada Fam\u00edlia se engajaram em uma iniciativa t\u00e3o importante! Eles realmente nos mostraram o quanto \u00e9 importante a conscientiza\u00e7\u00e3o e desde cedo na fam\u00edlia os pequenos serem educados sobre quest\u00f5es de sa\u00fade p\u00fablica. Foi incr\u00edvel ver os &#8220;detetives&#8221; da escola sob a orienta\u00e7\u00e3o das professoras observarem os espa\u00e7os,&#8230;<\/p>\n","protected":false},"author":4,"featured_media":18808,"comment_status":"closed","ping_status":"closed","sticky":false,"template":"","format":"standard","meta":{"_monsterinsights_skip_tracking":false,"_monsterinsights_sitenote_active":false,"_monsterinsights_sitenote_note":"","_monsterinsights_sitenote_category":0,"ngg_post_thumbnail":0,"footnotes":""},"categories":[105,88,82],"tags":[],"class_list":["post-18751","post","type-post","status-publish","format-standard","has-post-thumbnail","hentry","category-noticia-ano2024","category-ed-infantil","category-noticias"],"_links":{"self":[{"href":"https:\/\/redebeneditina.org.br\/isf\/wp-json\/wp\/v2\/posts\/18751","targetHints":{"allow":["GET"]}}],"collection":[{"href":"https:\/\/redebeneditina.org.br\/isf\/wp-json\/wp\/v2\/posts"}],"about":[{"href":"https:\/\/redebeneditina.org.br\/isf\/wp-json\/wp\/v2\/types\/post"}],"author":[{"embeddable":true,"href":"https:\/\/redebeneditina.org.br\/isf\/wp-json\/wp\/v2\/users\/4"}],"replies":[{"embeddable":true,"href":"https:\/\/redebeneditina.org.br\/isf\/wp-json\/wp\/v2\/comments?post=18751"}],"version-history":[{"count":0,"href":"https:\/\/redebeneditina.org.br\/isf\/wp-json\/wp\/v2\/posts\/18751\/revisions"}],"wp:featuredmedia":[{"embeddable":true,"href":"https:\/\/redebeneditina.org.br\/isf\/wp-json\/wp\/v2\/media\/18808"}],"wp:attachment":[{"href":"https:\/\/redebeneditina.org.br\/isf\/wp-json\/wp\/v2\/media?parent=18751"}],"wp:term":[{"taxonomy":"category","embeddable":true,"href":"https:\/\/redebeneditina.org.br\/isf\/wp-json\/wp\/v2\/categories?post=18751"},{"taxonomy":"post_tag","embeddable":true,"href":"https:\/\/redebeneditina.org.br\/isf\/wp-json\/wp\/v2\/tags?post=18751"}],"curies":[{"name":"wp","href":"https:\/\/api.w.org\/{rel}","templated":true}]}}