{"id":19891,"date":"2024-10-02T11:48:21","date_gmt":"2024-10-02T14:48:21","guid":{"rendered":"https:\/\/redebeneditina.org.br\/isf\/?p=19891"},"modified":"2024-10-02T11:48:21","modified_gmt":"2024-10-02T14:48:21","slug":"escola-aberta-05-10","status":"publish","type":"post","link":"https:\/\/redebeneditina.org.br\/isf\/escola-aberta-05-10\/","title":{"rendered":"Escola Aberta &#8211; 05\/10"},"content":{"rendered":"<p>Estamos com a nossa escola de portas abertas para matr\u00edculas, rematr\u00edculas e visita\u00e7\u00f5es! Al\u00e9m de conhecer o nosso espa\u00e7o, voc\u00ea poder\u00e1 participar de uma incr\u00edvel oficina de rob\u00f3tica. Para agendar sua visita e garantir um atendimento especial da nossa equipe, <a href=\"https:\/\/forms.gle\/1voCujgjt9mLR75t7\">preencha o formul\u00e1rio dispon\u00edvel no link<\/a>.<\/p>\n<p>Esperamos por voc\u00ea!<\/p>\n<p>Link:&nbsp;<a href=\"https:\/\/forms.gle\/1voCujgjt9mLR75t7\">https:\/\/forms.gle\/1voCujgjt9mLR75t7<\/a><\/p>\n","protected":false},"excerpt":{"rendered":"<p>Estamos com a nossa escola de portas abertas para matr\u00edculas, rematr\u00edculas e visita\u00e7\u00f5es! Al\u00e9m de conhecer o nosso espa\u00e7o, voc\u00ea poder\u00e1 participar de uma incr\u00edvel oficina de rob\u00f3tica. Para agendar sua visita e garantir um atendimento especial da nossa equipe, preencha o formul\u00e1rio dispon\u00edvel no link. Esperamos por voc\u00ea! Link:&nbsp;https:\/\/forms.gle\/1voCujgjt9mLR75t7<\/p>\n","protected":false},"author":4,"featured_media":19892,"comment_status":"closed","ping_status":"closed","sticky":false,"template":"","format":"standard","meta":{"_monsterinsights_skip_tracking":false,"_monsterinsights_sitenote_active":false,"_monsterinsights_sitenote_note":"","_monsterinsights_sitenote_category":0,"ngg_post_thumbnail":0,"footnotes":""},"categories":[105,88,89,90,91,82],"tags":[],"class_list":["post-19891","post","type-post","status-publish","format-standard","has-post-thumbnail","hentry","category-noticia-ano2024","category-ed-infantil","category-ens-fund_i","category-ens-fund_ii","category-ens-medio","category-noticias"],"_links":{"self":[{"href":"https:\/\/redebeneditina.org.br\/isf\/wp-json\/wp\/v2\/posts\/19891","targetHints":{"allow":["GET"]}}],"collection":[{"href":"https:\/\/redebeneditina.org.br\/isf\/wp-json\/wp\/v2\/posts"}],"about":[{"href":"https:\/\/redebeneditina.org.br\/isf\/wp-json\/wp\/v2\/types\/post"}],"author":[{"embeddable":true,"href":"https:\/\/redebeneditina.org.br\/isf\/wp-json\/wp\/v2\/users\/4"}],"replies":[{"embeddable":true,"href":"https:\/\/redebeneditina.org.br\/isf\/wp-json\/wp\/v2\/comments?post=19891"}],"version-history":[{"count":0,"href":"https:\/\/redebeneditina.org.br\/isf\/wp-json\/wp\/v2\/posts\/19891\/revisions"}],"wp:featuredmedia":[{"embeddable":true,"href":"https:\/\/redebeneditina.org.br\/isf\/wp-json\/wp\/v2\/media\/19892"}],"wp:attachment":[{"href":"https:\/\/redebeneditina.org.br\/isf\/wp-json\/wp\/v2\/media?parent=19891"}],"wp:term":[{"taxonomy":"category","embeddable":true,"href":"https:\/\/redebeneditina.org.br\/isf\/wp-json\/wp\/v2\/categories?post=19891"},{"taxonomy":"post_tag","embeddable":true,"href":"https:\/\/redebeneditina.org.br\/isf\/wp-json\/wp\/v2\/tags?post=19891"}],"curies":[{"name":"wp","href":"https:\/\/api.w.org\/{rel}","templated":true}]}}