{"id":19982,"date":"2024-10-05T19:43:26","date_gmt":"2024-10-05T22:43:26","guid":{"rendered":"https:\/\/redebeneditina.org.br\/isf\/?p=19982"},"modified":"2024-10-16T19:45:46","modified_gmt":"2024-10-16T22:45:46","slug":"parceiro-4kids-na-escola-aberta","status":"publish","type":"post","link":"https:\/\/redebeneditina.org.br\/isf\/parceiro-4kids-na-escola-aberta\/","title":{"rendered":"Parceiro 4Kids na Escola Aberta"},"content":{"rendered":"<p>Nosso parceiro&nbsp;<a class=\"x1i10hfl xjbqb8w x1ejq31n xd10rxx x1sy0etr x17r0tee x972fbf xcfux6l x1qhh985 xm0m39n x9f619 x1ypdohk xt0psk2 xe8uvvx xdj266r x11i5rnm xat24cr x1mh8g0r xexx8yu x4uap5 x18d9i69 xkhd6sd x16tdsg8 x1hl2dhg xggy1nq x1a2a7pz notranslate _a6hd\" tabindex=\"0\" role=\"link\" href=\"https:\/\/www.instagram.com\/4kids\/\">@4kids<\/a> marcou presen\u00e7a na nossa Escola Aberta, trazendo muita divers\u00e3o e aprendizado com atividades inovadoras!<\/p>\n<p>Foi uma experi\u00eancia incr\u00edvel para todos os nossos alunos, que se encantaram com a tecnologia e a criatividade.<\/p>\n<p>Agradecemos pela parceria e por proporcionarem momentos t\u00e3o especiais!&nbsp;<\/p>\n<p>Confira o v\u00eddeo em nosso Instagram:&nbsp; <a href=\"https:\/\/www.instagram.com\/p\/DAvlcoQuOPm\/\">https:\/\/www.instagram.com\/p\/DAvlcoQuOPm\/<\/a><\/p>\n","protected":false},"excerpt":{"rendered":"<p>Nosso parceiro&nbsp;@4kids marcou presen\u00e7a na nossa Escola Aberta, trazendo muita divers\u00e3o e aprendizado com atividades inovadoras! Foi uma experi\u00eancia incr\u00edvel para todos os nossos alunos, que se encantaram com a tecnologia e a criatividade. Agradecemos pela parceria e por proporcionarem momentos t\u00e3o especiais!&nbsp; Confira o v\u00eddeo em nosso Instagram:&nbsp; https:\/\/www.instagram.com\/p\/DAvlcoQuOPm\/<\/p>\n","protected":false},"author":4,"featured_media":19983,"comment_status":"closed","ping_status":"closed","sticky":false,"template":"","format":"standard","meta":{"_monsterinsights_skip_tracking":false,"_monsterinsights_sitenote_active":false,"_monsterinsights_sitenote_note":"","_monsterinsights_sitenote_category":0,"ngg_post_thumbnail":0,"footnotes":""},"categories":[105,88,89,90,91,82],"tags":[],"class_list":["post-19982","post","type-post","status-publish","format-standard","has-post-thumbnail","hentry","category-noticia-ano2024","category-ed-infantil","category-ens-fund_i","category-ens-fund_ii","category-ens-medio","category-noticias"],"_links":{"self":[{"href":"https:\/\/redebeneditina.org.br\/isf\/wp-json\/wp\/v2\/posts\/19982","targetHints":{"allow":["GET"]}}],"collection":[{"href":"https:\/\/redebeneditina.org.br\/isf\/wp-json\/wp\/v2\/posts"}],"about":[{"href":"https:\/\/redebeneditina.org.br\/isf\/wp-json\/wp\/v2\/types\/post"}],"author":[{"embeddable":true,"href":"https:\/\/redebeneditina.org.br\/isf\/wp-json\/wp\/v2\/users\/4"}],"replies":[{"embeddable":true,"href":"https:\/\/redebeneditina.org.br\/isf\/wp-json\/wp\/v2\/comments?post=19982"}],"version-history":[{"count":0,"href":"https:\/\/redebeneditina.org.br\/isf\/wp-json\/wp\/v2\/posts\/19982\/revisions"}],"wp:featuredmedia":[{"embeddable":true,"href":"https:\/\/redebeneditina.org.br\/isf\/wp-json\/wp\/v2\/media\/19983"}],"wp:attachment":[{"href":"https:\/\/redebeneditina.org.br\/isf\/wp-json\/wp\/v2\/media?parent=19982"}],"wp:term":[{"taxonomy":"category","embeddable":true,"href":"https:\/\/redebeneditina.org.br\/isf\/wp-json\/wp\/v2\/categories?post=19982"},{"taxonomy":"post_tag","embeddable":true,"href":"https:\/\/redebeneditina.org.br\/isf\/wp-json\/wp\/v2\/tags?post=19982"}],"curies":[{"name":"wp","href":"https:\/\/api.w.org\/{rel}","templated":true}]}}