{"id":20023,"date":"2024-11-06T09:25:39","date_gmt":"2024-11-06T12:25:39","guid":{"rendered":"https:\/\/redebeneditina.org.br\/isf\/?p=20023"},"modified":"2024-11-06T09:25:39","modified_gmt":"2024-11-06T12:25:39","slug":"mostra-cientifica-e-cultural-no-instituto-sagrada-familia","status":"publish","type":"post","link":"https:\/\/redebeneditina.org.br\/isf\/mostra-cientifica-e-cultural-no-instituto-sagrada-familia\/","title":{"rendered":"Mostra Cient\u00edfica e Cultural no Instituto Sagrada Fam\u00edlia"},"content":{"rendered":"<p>No dia 9 de novembro, das 11h \u00e0s 15h, nossa escola convida todos os pais e a comunidade para um evento cheio de conhecimento, criatividade e inova\u00e7\u00e3o! Venha prestigiar as descobertas e talentos de nossos alunos, com exposi\u00e7\u00f5es cient\u00edficas, apresenta\u00e7\u00f5es culturais e uma feira especial de empreendedorismo dos alunos do Fundamental 1, que estar\u00e3o vendendo os produtos que criaram!<\/p>\n<p>\ud83d\udcc5 Data: 9 de novembro<br \/>\n\u23f0 Hor\u00e1rio: das 11h \u00e0s 15h<\/p>\n<p>Ser\u00e1 uma tarde de aprendizado e inspira\u00e7\u00e3o. Contamos com sua presen\u00e7a para apoiar nossos cientistas e empreendedores!<\/p>\n","protected":false},"excerpt":{"rendered":"<p>No dia 9 de novembro, das 11h \u00e0s 15h, nossa escola convida todos os pais e a comunidade para um evento cheio de conhecimento, criatividade e inova\u00e7\u00e3o! Venha prestigiar as descobertas e talentos de nossos alunos, com exposi\u00e7\u00f5es cient\u00edficas, apresenta\u00e7\u00f5es culturais e uma feira especial de empreendedorismo dos alunos do Fundamental 1, que estar\u00e3o vendendo&#8230;<\/p>\n","protected":false},"author":4,"featured_media":20024,"comment_status":"closed","ping_status":"closed","sticky":false,"template":"","format":"standard","meta":{"_monsterinsights_skip_tracking":false,"_monsterinsights_sitenote_active":false,"_monsterinsights_sitenote_note":"","_monsterinsights_sitenote_category":0,"ngg_post_thumbnail":0,"footnotes":""},"categories":[105,88,89,90,91,82],"tags":[],"class_list":["post-20023","post","type-post","status-publish","format-standard","has-post-thumbnail","hentry","category-noticia-ano2024","category-ed-infantil","category-ens-fund_i","category-ens-fund_ii","category-ens-medio","category-noticias"],"_links":{"self":[{"href":"https:\/\/redebeneditina.org.br\/isf\/wp-json\/wp\/v2\/posts\/20023","targetHints":{"allow":["GET"]}}],"collection":[{"href":"https:\/\/redebeneditina.org.br\/isf\/wp-json\/wp\/v2\/posts"}],"about":[{"href":"https:\/\/redebeneditina.org.br\/isf\/wp-json\/wp\/v2\/types\/post"}],"author":[{"embeddable":true,"href":"https:\/\/redebeneditina.org.br\/isf\/wp-json\/wp\/v2\/users\/4"}],"replies":[{"embeddable":true,"href":"https:\/\/redebeneditina.org.br\/isf\/wp-json\/wp\/v2\/comments?post=20023"}],"version-history":[{"count":0,"href":"https:\/\/redebeneditina.org.br\/isf\/wp-json\/wp\/v2\/posts\/20023\/revisions"}],"wp:featuredmedia":[{"embeddable":true,"href":"https:\/\/redebeneditina.org.br\/isf\/wp-json\/wp\/v2\/media\/20024"}],"wp:attachment":[{"href":"https:\/\/redebeneditina.org.br\/isf\/wp-json\/wp\/v2\/media?parent=20023"}],"wp:term":[{"taxonomy":"category","embeddable":true,"href":"https:\/\/redebeneditina.org.br\/isf\/wp-json\/wp\/v2\/categories?post=20023"},{"taxonomy":"post_tag","embeddable":true,"href":"https:\/\/redebeneditina.org.br\/isf\/wp-json\/wp\/v2\/tags?post=20023"}],"curies":[{"name":"wp","href":"https:\/\/api.w.org\/{rel}","templated":true}]}}