{"id":20026,"date":"2024-11-06T09:31:43","date_gmt":"2024-11-06T12:31:43","guid":{"rendered":"https:\/\/redebeneditina.org.br\/isf\/?p=20026"},"modified":"2024-11-06T09:32:23","modified_gmt":"2024-11-06T12:32:23","slug":"parabens-aos-nossos-alunos-da-olimpiada-de-portugues","status":"publish","type":"post","link":"https:\/\/redebeneditina.org.br\/isf\/parabens-aos-nossos-alunos-da-olimpiada-de-portugues\/","title":{"rendered":"Parab\u00e9ns aos nossos alunos da Olimp\u00edada de Portugu\u00eas!"},"content":{"rendered":"<p>Com grande alegria, parabenizamos Pedro Milani (2\u00baEM) e Murilo Spessi (9\u00baAno), pela conquista na Olimp\u00edada de Portugu\u00eas!<\/p>\n<p>Parab\u00e9ns por toda dedica\u00e7\u00e3o e talento, enchendo-nos de orgulho. Aproveitamos para parabenizar tamb\u00e9m todos os alunos que participaram e deram o melhor de si.<\/p>\n<p>Voc\u00eas s\u00e3o um exemplo de esfor\u00e7o e determina\u00e7\u00e3o!<\/p>\n<p>Que continuem inspirando a todos a seguir sonhando e conquistando cada vez mais.<\/p>\n<p>Parab\u00e9ns, Pedro Milani (2\u00baEM) e Murilo Spessi (9\u00baAno) e todos os participantes!<\/p>\n<p>&nbsp;<\/p>\n","protected":false},"excerpt":{"rendered":"<p>Com grande alegria, parabenizamos Pedro Milani (2\u00baEM) e Murilo Spessi (9\u00baAno), pela conquista na Olimp\u00edada de Portugu\u00eas! Parab\u00e9ns por toda dedica\u00e7\u00e3o e talento, enchendo-nos de orgulho. Aproveitamos para parabenizar tamb\u00e9m todos os alunos que participaram e deram o melhor de si. Voc\u00eas s\u00e3o um exemplo de esfor\u00e7o e determina\u00e7\u00e3o! Que continuem inspirando a todos a&#8230;<\/p>\n","protected":false},"author":4,"featured_media":20027,"comment_status":"closed","ping_status":"closed","sticky":false,"template":"","format":"standard","meta":{"_monsterinsights_skip_tracking":false,"_monsterinsights_sitenote_active":false,"_monsterinsights_sitenote_note":"","_monsterinsights_sitenote_category":0,"ngg_post_thumbnail":0,"footnotes":""},"categories":[105,90,91,82],"tags":[],"class_list":["post-20026","post","type-post","status-publish","format-standard","has-post-thumbnail","hentry","category-noticia-ano2024","category-ens-fund_ii","category-ens-medio","category-noticias"],"_links":{"self":[{"href":"https:\/\/redebeneditina.org.br\/isf\/wp-json\/wp\/v2\/posts\/20026","targetHints":{"allow":["GET"]}}],"collection":[{"href":"https:\/\/redebeneditina.org.br\/isf\/wp-json\/wp\/v2\/posts"}],"about":[{"href":"https:\/\/redebeneditina.org.br\/isf\/wp-json\/wp\/v2\/types\/post"}],"author":[{"embeddable":true,"href":"https:\/\/redebeneditina.org.br\/isf\/wp-json\/wp\/v2\/users\/4"}],"replies":[{"embeddable":true,"href":"https:\/\/redebeneditina.org.br\/isf\/wp-json\/wp\/v2\/comments?post=20026"}],"version-history":[{"count":0,"href":"https:\/\/redebeneditina.org.br\/isf\/wp-json\/wp\/v2\/posts\/20026\/revisions"}],"wp:featuredmedia":[{"embeddable":true,"href":"https:\/\/redebeneditina.org.br\/isf\/wp-json\/wp\/v2\/media\/20027"}],"wp:attachment":[{"href":"https:\/\/redebeneditina.org.br\/isf\/wp-json\/wp\/v2\/media?parent=20026"}],"wp:term":[{"taxonomy":"category","embeddable":true,"href":"https:\/\/redebeneditina.org.br\/isf\/wp-json\/wp\/v2\/categories?post=20026"},{"taxonomy":"post_tag","embeddable":true,"href":"https:\/\/redebeneditina.org.br\/isf\/wp-json\/wp\/v2\/tags?post=20026"}],"curies":[{"name":"wp","href":"https:\/\/api.w.org\/{rel}","templated":true}]}}