{"id":20036,"date":"2024-10-23T10:51:43","date_gmt":"2024-10-23T13:51:43","guid":{"rendered":"https:\/\/redebeneditina.org.br\/isf\/?p=20036"},"modified":"2024-11-06T10:54:30","modified_gmt":"2024-11-06T13:54:30","slug":"brownie-day-9o-ano","status":"publish","type":"post","link":"https:\/\/redebeneditina.org.br\/isf\/brownie-day-9o-ano\/","title":{"rendered":"Brownie Day &#8211; 9\u00ba ano"},"content":{"rendered":"<p>Durante a English Week, nossos alunos do 9\u00ba ano colocaram a m\u00e3o na massa e prepararam uma deliciosa receita de brownie, tudo em ingl\u00eas!<\/p>\n<p>Al\u00e9m de praticar o idioma, eles se divertiram muito aprendendo novas habilidades na cozinha. Algu\u00e9m a\u00ed tamb\u00e9m ficou com vontade de experimentar?<\/p>\n<p>Confira o v\u00eddeo em nosso Instagram: <a href=\"https:\/\/www.instagram.com\/p\/DBd6irSuXWw\/\">https:\/\/www.instagram.com\/p\/DBd6irSuXWw\/<\/a><\/p>\n<p>&nbsp;<\/p>\n","protected":false},"excerpt":{"rendered":"<p>Durante a English Week, nossos alunos do 9\u00ba ano colocaram a m\u00e3o na massa e prepararam uma deliciosa receita de brownie, tudo em ingl\u00eas! Al\u00e9m de praticar o idioma, eles se divertiram muito aprendendo novas habilidades na cozinha. Algu\u00e9m a\u00ed tamb\u00e9m ficou com vontade de experimentar? Confira o v\u00eddeo em nosso Instagram: https:\/\/www.instagram.com\/p\/DBd6irSuXWw\/ &nbsp;<\/p>\n","protected":false},"author":4,"featured_media":20037,"comment_status":"closed","ping_status":"closed","sticky":false,"template":"","format":"standard","meta":{"_monsterinsights_skip_tracking":false,"_monsterinsights_sitenote_active":false,"_monsterinsights_sitenote_note":"","_monsterinsights_sitenote_category":0,"ngg_post_thumbnail":0,"footnotes":""},"categories":[105,90,82],"tags":[],"class_list":["post-20036","post","type-post","status-publish","format-standard","has-post-thumbnail","hentry","category-noticia-ano2024","category-ens-fund_ii","category-noticias"],"_links":{"self":[{"href":"https:\/\/redebeneditina.org.br\/isf\/wp-json\/wp\/v2\/posts\/20036","targetHints":{"allow":["GET"]}}],"collection":[{"href":"https:\/\/redebeneditina.org.br\/isf\/wp-json\/wp\/v2\/posts"}],"about":[{"href":"https:\/\/redebeneditina.org.br\/isf\/wp-json\/wp\/v2\/types\/post"}],"author":[{"embeddable":true,"href":"https:\/\/redebeneditina.org.br\/isf\/wp-json\/wp\/v2\/users\/4"}],"replies":[{"embeddable":true,"href":"https:\/\/redebeneditina.org.br\/isf\/wp-json\/wp\/v2\/comments?post=20036"}],"version-history":[{"count":0,"href":"https:\/\/redebeneditina.org.br\/isf\/wp-json\/wp\/v2\/posts\/20036\/revisions"}],"wp:featuredmedia":[{"embeddable":true,"href":"https:\/\/redebeneditina.org.br\/isf\/wp-json\/wp\/v2\/media\/20037"}],"wp:attachment":[{"href":"https:\/\/redebeneditina.org.br\/isf\/wp-json\/wp\/v2\/media?parent=20036"}],"wp:term":[{"taxonomy":"category","embeddable":true,"href":"https:\/\/redebeneditina.org.br\/isf\/wp-json\/wp\/v2\/categories?post=20036"},{"taxonomy":"post_tag","embeddable":true,"href":"https:\/\/redebeneditina.org.br\/isf\/wp-json\/wp\/v2\/tags?post=20036"}],"curies":[{"name":"wp","href":"https:\/\/api.w.org\/{rel}","templated":true}]}}