{"id":20039,"date":"2024-10-23T10:54:36","date_gmt":"2024-10-23T13:54:36","guid":{"rendered":"https:\/\/redebeneditina.org.br\/isf\/?p=20039"},"modified":"2024-11-06T10:57:00","modified_gmt":"2024-11-06T13:57:00","slug":"verbos-irregulares-nunca-foi-tao-divertido","status":"publish","type":"post","link":"https:\/\/redebeneditina.org.br\/isf\/verbos-irregulares-nunca-foi-tao-divertido\/","title":{"rendered":"Verbos irregulares nunca foi t\u00e3o divertido!"},"content":{"rendered":"<p>Aprender verbos irregulares nunca foi t\u00e3o divertido!<\/p>\n<p>Nossos alunos est\u00e3o praticando de forma din\u00e2mica e interativa, tornando o aprendizado do ingl\u00eas ainda mais envolvente.&nbsp;<\/p>\n<p>Confira o v\u00eddeo em nosso Instagram: <a href=\"https:\/\/www.instagram.com\/p\/DBech2ovVHH\/\">https:\/\/www.instagram.com\/p\/DBech2ovVHH\/<\/a><\/p>\n","protected":false},"excerpt":{"rendered":"<p>Aprender verbos irregulares nunca foi t\u00e3o divertido! Nossos alunos est\u00e3o praticando de forma din\u00e2mica e interativa, tornando o aprendizado do ingl\u00eas ainda mais envolvente.&nbsp; Confira o v\u00eddeo em nosso Instagram: https:\/\/www.instagram.com\/p\/DBech2ovVHH\/<\/p>\n","protected":false},"author":4,"featured_media":20040,"comment_status":"closed","ping_status":"closed","sticky":false,"template":"","format":"standard","meta":{"_monsterinsights_skip_tracking":false,"_monsterinsights_sitenote_active":false,"_monsterinsights_sitenote_note":"","_monsterinsights_sitenote_category":0,"ngg_post_thumbnail":0,"footnotes":""},"categories":[105,89,90,82],"tags":[],"class_list":["post-20039","post","type-post","status-publish","format-standard","has-post-thumbnail","hentry","category-noticia-ano2024","category-ens-fund_i","category-ens-fund_ii","category-noticias"],"_links":{"self":[{"href":"https:\/\/redebeneditina.org.br\/isf\/wp-json\/wp\/v2\/posts\/20039","targetHints":{"allow":["GET"]}}],"collection":[{"href":"https:\/\/redebeneditina.org.br\/isf\/wp-json\/wp\/v2\/posts"}],"about":[{"href":"https:\/\/redebeneditina.org.br\/isf\/wp-json\/wp\/v2\/types\/post"}],"author":[{"embeddable":true,"href":"https:\/\/redebeneditina.org.br\/isf\/wp-json\/wp\/v2\/users\/4"}],"replies":[{"embeddable":true,"href":"https:\/\/redebeneditina.org.br\/isf\/wp-json\/wp\/v2\/comments?post=20039"}],"version-history":[{"count":0,"href":"https:\/\/redebeneditina.org.br\/isf\/wp-json\/wp\/v2\/posts\/20039\/revisions"}],"wp:featuredmedia":[{"embeddable":true,"href":"https:\/\/redebeneditina.org.br\/isf\/wp-json\/wp\/v2\/media\/20040"}],"wp:attachment":[{"href":"https:\/\/redebeneditina.org.br\/isf\/wp-json\/wp\/v2\/media?parent=20039"}],"wp:term":[{"taxonomy":"category","embeddable":true,"href":"https:\/\/redebeneditina.org.br\/isf\/wp-json\/wp\/v2\/categories?post=20039"},{"taxonomy":"post_tag","embeddable":true,"href":"https:\/\/redebeneditina.org.br\/isf\/wp-json\/wp\/v2\/tags?post=20039"}],"curies":[{"name":"wp","href":"https:\/\/api.w.org\/{rel}","templated":true}]}}