{"id":20042,"date":"2024-10-25T10:57:18","date_gmt":"2024-10-25T13:57:18","guid":{"rendered":"https:\/\/redebeneditina.org.br\/isf\/?p=20042"},"modified":"2024-11-06T10:59:16","modified_gmt":"2024-11-06T13:59:16","slug":"torre-de-liquidos-no-contraturno","status":"publish","type":"post","link":"https:\/\/redebeneditina.org.br\/isf\/torre-de-liquidos-no-contraturno\/","title":{"rendered":"Torre de L\u00edquidos no Contraturno"},"content":{"rendered":"<p>Nosso Contraturno \u00e9 repleto de projetos que estimulam o desenvolvimento dos alunos de forma pr\u00e1tica e divertida!<\/p>\n<p>Nesta atividade, os estudantes exploraram a propriedade da densidade, criando a incr\u00edvel &#8216;Torre de L\u00edquidos&#8217;.<\/p>\n<p>Al\u00e9m de desafiar a curiosidade e o racioc\u00ednio dos pequenos, essas atividades complementam a rotina escolar, proporcionando mais aprendizado e tranquilidade para os pais.<\/p>\n<p>Confira o v\u00eddeo em nosso Instagram: <a href=\"https:\/\/www.instagram.com\/p\/DBiup0NuVWv\/\">https:\/\/www.instagram.com\/p\/DBiup0NuVWv\/<\/a><\/p>\n","protected":false},"excerpt":{"rendered":"<p>Nosso Contraturno \u00e9 repleto de projetos que estimulam o desenvolvimento dos alunos de forma pr\u00e1tica e divertida! Nesta atividade, os estudantes exploraram a propriedade da densidade, criando a incr\u00edvel &#8216;Torre de L\u00edquidos&#8217;. Al\u00e9m de desafiar a curiosidade e o racioc\u00ednio dos pequenos, essas atividades complementam a rotina escolar, proporcionando mais aprendizado e tranquilidade para os&#8230;<\/p>\n","protected":false},"author":4,"featured_media":20043,"comment_status":"closed","ping_status":"closed","sticky":false,"template":"","format":"standard","meta":{"_monsterinsights_skip_tracking":false,"_monsterinsights_sitenote_active":false,"_monsterinsights_sitenote_note":"","_monsterinsights_sitenote_category":0,"ngg_post_thumbnail":0,"footnotes":""},"categories":[105,88,89,82],"tags":[],"class_list":["post-20042","post","type-post","status-publish","format-standard","has-post-thumbnail","hentry","category-noticia-ano2024","category-ed-infantil","category-ens-fund_i","category-noticias"],"_links":{"self":[{"href":"https:\/\/redebeneditina.org.br\/isf\/wp-json\/wp\/v2\/posts\/20042","targetHints":{"allow":["GET"]}}],"collection":[{"href":"https:\/\/redebeneditina.org.br\/isf\/wp-json\/wp\/v2\/posts"}],"about":[{"href":"https:\/\/redebeneditina.org.br\/isf\/wp-json\/wp\/v2\/types\/post"}],"author":[{"embeddable":true,"href":"https:\/\/redebeneditina.org.br\/isf\/wp-json\/wp\/v2\/users\/4"}],"replies":[{"embeddable":true,"href":"https:\/\/redebeneditina.org.br\/isf\/wp-json\/wp\/v2\/comments?post=20042"}],"version-history":[{"count":0,"href":"https:\/\/redebeneditina.org.br\/isf\/wp-json\/wp\/v2\/posts\/20042\/revisions"}],"wp:featuredmedia":[{"embeddable":true,"href":"https:\/\/redebeneditina.org.br\/isf\/wp-json\/wp\/v2\/media\/20043"}],"wp:attachment":[{"href":"https:\/\/redebeneditina.org.br\/isf\/wp-json\/wp\/v2\/media?parent=20042"}],"wp:term":[{"taxonomy":"category","embeddable":true,"href":"https:\/\/redebeneditina.org.br\/isf\/wp-json\/wp\/v2\/categories?post=20042"},{"taxonomy":"post_tag","embeddable":true,"href":"https:\/\/redebeneditina.org.br\/isf\/wp-json\/wp\/v2\/tags?post=20042"}],"curies":[{"name":"wp","href":"https:\/\/api.w.org\/{rel}","templated":true}]}}