{"id":20045,"date":"2024-10-25T10:59:33","date_gmt":"2024-10-25T13:59:33","guid":{"rendered":"https:\/\/redebeneditina.org.br\/isf\/?p=20045"},"modified":"2024-11-06T11:03:52","modified_gmt":"2024-11-06T14:03:52","slug":"lipsync-no-instituto-sagrada-familia","status":"publish","type":"post","link":"https:\/\/redebeneditina.org.br\/isf\/lipsync-no-instituto-sagrada-familia\/","title":{"rendered":"LIPSYNC no Instituto Sagrada Fam\u00edlia"},"content":{"rendered":"<p>Confira os v\u00eddeos do LIPSYNC Cine ocorrido em 25 de outubro:<\/p>\n<p><a href=\"https:\/\/www.instagram.com\/p\/DBkJeEQOOhB\/\">https:\/\/www.instagram.com\/p\/DBkJeEQOOhB\/<\/a><\/p>\n<p><a href=\"https:\/\/www.instagram.com\/p\/DBkPMx8uezz\/\">https:\/\/www.instagram.com\/p\/DBkPMx8uezz\/<\/a><\/p>\n<p><a href=\"https:\/\/www.instagram.com\/p\/DBkUjVTtQni\/\">https:\/\/www.instagram.com\/p\/DBkUjVTtQni\/<\/a><\/p>\n<p>Parab\u00e9ns a todos! Alunos, professores, dire\u00e7\u00e3o, jurados e fam\u00edlias!<\/p>\n","protected":false},"excerpt":{"rendered":"<p>Confira os v\u00eddeos do LIPSYNC Cine ocorrido em 25 de outubro: https:\/\/www.instagram.com\/p\/DBkJeEQOOhB\/ https:\/\/www.instagram.com\/p\/DBkPMx8uezz\/ https:\/\/www.instagram.com\/p\/DBkUjVTtQni\/ Parab\u00e9ns a todos! Alunos, professores, dire\u00e7\u00e3o, jurados e fam\u00edlias!<\/p>\n","protected":false},"author":4,"featured_media":20046,"comment_status":"closed","ping_status":"closed","sticky":false,"template":"","format":"standard","meta":{"_monsterinsights_skip_tracking":false,"_monsterinsights_sitenote_active":false,"_monsterinsights_sitenote_note":"","_monsterinsights_sitenote_category":0,"ngg_post_thumbnail":0,"footnotes":""},"categories":[105,90,91,82],"tags":[],"class_list":["post-20045","post","type-post","status-publish","format-standard","has-post-thumbnail","hentry","category-noticia-ano2024","category-ens-fund_ii","category-ens-medio","category-noticias"],"_links":{"self":[{"href":"https:\/\/redebeneditina.org.br\/isf\/wp-json\/wp\/v2\/posts\/20045","targetHints":{"allow":["GET"]}}],"collection":[{"href":"https:\/\/redebeneditina.org.br\/isf\/wp-json\/wp\/v2\/posts"}],"about":[{"href":"https:\/\/redebeneditina.org.br\/isf\/wp-json\/wp\/v2\/types\/post"}],"author":[{"embeddable":true,"href":"https:\/\/redebeneditina.org.br\/isf\/wp-json\/wp\/v2\/users\/4"}],"replies":[{"embeddable":true,"href":"https:\/\/redebeneditina.org.br\/isf\/wp-json\/wp\/v2\/comments?post=20045"}],"version-history":[{"count":0,"href":"https:\/\/redebeneditina.org.br\/isf\/wp-json\/wp\/v2\/posts\/20045\/revisions"}],"wp:featuredmedia":[{"embeddable":true,"href":"https:\/\/redebeneditina.org.br\/isf\/wp-json\/wp\/v2\/media\/20046"}],"wp:attachment":[{"href":"https:\/\/redebeneditina.org.br\/isf\/wp-json\/wp\/v2\/media?parent=20045"}],"wp:term":[{"taxonomy":"category","embeddable":true,"href":"https:\/\/redebeneditina.org.br\/isf\/wp-json\/wp\/v2\/categories?post=20045"},{"taxonomy":"post_tag","embeddable":true,"href":"https:\/\/redebeneditina.org.br\/isf\/wp-json\/wp\/v2\/tags?post=20045"}],"curies":[{"name":"wp","href":"https:\/\/api.w.org\/{rel}","templated":true}]}}