{"id":20048,"date":"2024-10-29T11:04:06","date_gmt":"2024-10-29T14:04:06","guid":{"rendered":"https:\/\/redebeneditina.org.br\/isf\/?p=20048"},"modified":"2024-11-06T11:05:45","modified_gmt":"2024-11-06T14:05:45","slug":"campeoes-da-gincana-biblica-2024-2o-ano","status":"publish","type":"post","link":"https:\/\/redebeneditina.org.br\/isf\/campeoes-da-gincana-biblica-2024-2o-ano\/","title":{"rendered":"Campe\u00f5es da Gincana B\u00edblica 2024 &#8211; 2\u00ba ano"},"content":{"rendered":"<p>Parab\u00e9ns aos alunos do 2\u00ba ano, grandes campe\u00f5es da Gincana B\u00edblica 2024!<\/p>\n<p>Como pr\u00eamio, eles desfrutaram de um dia inesquec\u00edvel na Casa das Irm\u00e3s, explorando cada cantinho especial, saboreando um lanche delicioso e terminando com uma divertida sess\u00e3o de cinema.<\/p>\n<p>Foi um dia cheio de aprendizados e muitas risadas!<\/p>\n<p>Confira o v\u00eddeo em nosso Instagram: <a href=\"https:\/\/www.instagram.com\/p\/DBtD0lCuJki\/\">https:\/\/www.instagram.com\/p\/DBtD0lCuJki\/<\/a><\/p>\n<p>&nbsp;<\/p>\n","protected":false},"excerpt":{"rendered":"<p>Parab\u00e9ns aos alunos do 2\u00ba ano, grandes campe\u00f5es da Gincana B\u00edblica 2024! Como pr\u00eamio, eles desfrutaram de um dia inesquec\u00edvel na Casa das Irm\u00e3s, explorando cada cantinho especial, saboreando um lanche delicioso e terminando com uma divertida sess\u00e3o de cinema. Foi um dia cheio de aprendizados e muitas risadas! Confira o v\u00eddeo em nosso Instagram:&#8230;<\/p>\n","protected":false},"author":4,"featured_media":20049,"comment_status":"closed","ping_status":"closed","sticky":false,"template":"","format":"standard","meta":{"_monsterinsights_skip_tracking":false,"_monsterinsights_sitenote_active":false,"_monsterinsights_sitenote_note":"","_monsterinsights_sitenote_category":0,"ngg_post_thumbnail":0,"footnotes":""},"categories":[105,89,82],"tags":[],"class_list":["post-20048","post","type-post","status-publish","format-standard","has-post-thumbnail","hentry","category-noticia-ano2024","category-ens-fund_i","category-noticias"],"_links":{"self":[{"href":"https:\/\/redebeneditina.org.br\/isf\/wp-json\/wp\/v2\/posts\/20048","targetHints":{"allow":["GET"]}}],"collection":[{"href":"https:\/\/redebeneditina.org.br\/isf\/wp-json\/wp\/v2\/posts"}],"about":[{"href":"https:\/\/redebeneditina.org.br\/isf\/wp-json\/wp\/v2\/types\/post"}],"author":[{"embeddable":true,"href":"https:\/\/redebeneditina.org.br\/isf\/wp-json\/wp\/v2\/users\/4"}],"replies":[{"embeddable":true,"href":"https:\/\/redebeneditina.org.br\/isf\/wp-json\/wp\/v2\/comments?post=20048"}],"version-history":[{"count":0,"href":"https:\/\/redebeneditina.org.br\/isf\/wp-json\/wp\/v2\/posts\/20048\/revisions"}],"wp:featuredmedia":[{"embeddable":true,"href":"https:\/\/redebeneditina.org.br\/isf\/wp-json\/wp\/v2\/media\/20049"}],"wp:attachment":[{"href":"https:\/\/redebeneditina.org.br\/isf\/wp-json\/wp\/v2\/media?parent=20048"}],"wp:term":[{"taxonomy":"category","embeddable":true,"href":"https:\/\/redebeneditina.org.br\/isf\/wp-json\/wp\/v2\/categories?post=20048"},{"taxonomy":"post_tag","embeddable":true,"href":"https:\/\/redebeneditina.org.br\/isf\/wp-json\/wp\/v2\/tags?post=20048"}],"curies":[{"name":"wp","href":"https:\/\/api.w.org\/{rel}","templated":true}]}}