{"id":20071,"date":"2024-11-14T14:26:34","date_gmt":"2024-11-14T17:26:34","guid":{"rendered":"https:\/\/redebeneditina.org.br\/isf\/?p=20071"},"modified":"2024-11-14T14:28:18","modified_gmt":"2024-11-14T17:28:18","slug":"formatura-proerd-5o-ano-uma-conquista-para-a-vida","status":"publish","type":"post","link":"https:\/\/redebeneditina.org.br\/isf\/formatura-proerd-5o-ano-uma-conquista-para-a-vida\/","title":{"rendered":"Formatura PROERD 5\u00ba Ano &#8211; Uma Conquista para a Vida!"},"content":{"rendered":"<p>Hoje celebramos uma etapa especial na vida dos nossos alunos do 5\u00ba ano, que completaram o PROERD (Programa Educacional de Resist\u00eancia \u00e0s Drogas e \u00e0 Viol\u00eancia) com muito orgulho e dedica\u00e7\u00e3o! Que esse aprendizado os guie para escolhas seguras e conscientes, sempre.<\/p>\n<p>Um agradecimento especial \u00e0 CB. Pontes, por conduzir esse trabalho com tanto profissionalismo e carinho, inspirando nossos alunos a serem protagonistas de suas pr\u00f3prias hist\u00f3rias.<\/p>\n<p>E nossa gratid\u00e3o aos pais, que estiveram ao lado de seus filhos em mais esse momento importante. Juntos, constru\u00edmos uma base s\u00f3lida de valores e educa\u00e7\u00e3o para um futuro promissor.<\/p>\n<p>Parab\u00e9ns a todos os formandos! Que esse seja o primeiro de muitos passos rumo a um futuro brilhante!<\/p>\nngg_shortcode_0_placeholder\n","protected":false},"excerpt":{"rendered":"<p>Hoje celebramos uma etapa especial na vida dos nossos alunos do 5\u00ba ano, que completaram o PROERD (Programa Educacional de Resist\u00eancia \u00e0s Drogas e \u00e0 Viol\u00eancia) com muito orgulho e dedica\u00e7\u00e3o! Que esse aprendizado os guie para escolhas seguras e conscientes, sempre. Um agradecimento especial \u00e0 CB. Pontes, por conduzir esse trabalho com tanto profissionalismo&#8230;<\/p>\n","protected":false},"author":4,"featured_media":20101,"comment_status":"closed","ping_status":"closed","sticky":false,"template":"","format":"standard","meta":{"_monsterinsights_skip_tracking":false,"_monsterinsights_sitenote_active":false,"_monsterinsights_sitenote_note":"","_monsterinsights_sitenote_category":0,"ngg_post_thumbnail":0,"footnotes":""},"categories":[105,89,82],"tags":[],"class_list":["post-20071","post","type-post","status-publish","format-standard","has-post-thumbnail","hentry","category-noticia-ano2024","category-ens-fund_i","category-noticias"],"_links":{"self":[{"href":"https:\/\/redebeneditina.org.br\/isf\/wp-json\/wp\/v2\/posts\/20071","targetHints":{"allow":["GET"]}}],"collection":[{"href":"https:\/\/redebeneditina.org.br\/isf\/wp-json\/wp\/v2\/posts"}],"about":[{"href":"https:\/\/redebeneditina.org.br\/isf\/wp-json\/wp\/v2\/types\/post"}],"author":[{"embeddable":true,"href":"https:\/\/redebeneditina.org.br\/isf\/wp-json\/wp\/v2\/users\/4"}],"replies":[{"embeddable":true,"href":"https:\/\/redebeneditina.org.br\/isf\/wp-json\/wp\/v2\/comments?post=20071"}],"version-history":[{"count":0,"href":"https:\/\/redebeneditina.org.br\/isf\/wp-json\/wp\/v2\/posts\/20071\/revisions"}],"wp:featuredmedia":[{"embeddable":true,"href":"https:\/\/redebeneditina.org.br\/isf\/wp-json\/wp\/v2\/media\/20101"}],"wp:attachment":[{"href":"https:\/\/redebeneditina.org.br\/isf\/wp-json\/wp\/v2\/media?parent=20071"}],"wp:term":[{"taxonomy":"category","embeddable":true,"href":"https:\/\/redebeneditina.org.br\/isf\/wp-json\/wp\/v2\/categories?post=20071"},{"taxonomy":"post_tag","embeddable":true,"href":"https:\/\/redebeneditina.org.br\/isf\/wp-json\/wp\/v2\/tags?post=20071"}],"curies":[{"name":"wp","href":"https:\/\/api.w.org\/{rel}","templated":true}]}}