{"id":20108,"date":"2024-11-18T12:15:12","date_gmt":"2024-11-18T15:15:12","guid":{"rendered":"https:\/\/redebeneditina.org.br\/isf\/?p=20108"},"modified":"2024-11-18T12:18:05","modified_gmt":"2024-11-18T15:18:05","slug":"mostra-cientifica-e-cultural-2024","status":"publish","type":"post","link":"https:\/\/redebeneditina.org.br\/isf\/mostra-cientifica-e-cultural-2024\/","title":{"rendered":"Mostra Cient\u00edfica e Cultural 2024"},"content":{"rendered":"<p>Um dia repleto de aprendizado, criatividade e inova\u00e7\u00e3o! Al\u00e9m das apresenta\u00e7\u00f5es incr\u00edveis da Mostra Cient\u00edfica e Cultural, tivemos a Feira de Empreendedorismo do Fundamental I, realizada em parceria com o SEBRAE, onde nossos pequenos empreendedores deram um show de vendas e muita dedica\u00e7\u00e3o.<\/p>\n<p>Parabenizamos nossos alunos pelo empenho, nossa equipe pedag\u00f3gica pelo suporte e organiza\u00e7\u00e3o, e agradecemos de cora\u00e7\u00e3o a presen\u00e7a de todos os familiares que prestigiaram esse momento t\u00e3o especial.<\/p>\nngg_shortcode_0_placeholder\n","protected":false},"excerpt":{"rendered":"<p>Um dia repleto de aprendizado, criatividade e inova\u00e7\u00e3o! Al\u00e9m das apresenta\u00e7\u00f5es incr\u00edveis da Mostra Cient\u00edfica e Cultural, tivemos a Feira de Empreendedorismo do Fundamental I, realizada em parceria com o SEBRAE, onde nossos pequenos empreendedores deram um show de vendas e muita dedica\u00e7\u00e3o. Parabenizamos nossos alunos pelo empenho, nossa equipe pedag\u00f3gica pelo suporte e organiza\u00e7\u00e3o,&#8230;<\/p>\n","protected":false},"author":4,"featured_media":20175,"comment_status":"closed","ping_status":"closed","sticky":false,"template":"","format":"standard","meta":{"_monsterinsights_skip_tracking":false,"_monsterinsights_sitenote_active":false,"_monsterinsights_sitenote_note":"","_monsterinsights_sitenote_category":0,"ngg_post_thumbnail":0,"footnotes":""},"categories":[105,88,89,90,91,82],"tags":[],"class_list":["post-20108","post","type-post","status-publish","format-standard","has-post-thumbnail","hentry","category-noticia-ano2024","category-ed-infantil","category-ens-fund_i","category-ens-fund_ii","category-ens-medio","category-noticias"],"_links":{"self":[{"href":"https:\/\/redebeneditina.org.br\/isf\/wp-json\/wp\/v2\/posts\/20108","targetHints":{"allow":["GET"]}}],"collection":[{"href":"https:\/\/redebeneditina.org.br\/isf\/wp-json\/wp\/v2\/posts"}],"about":[{"href":"https:\/\/redebeneditina.org.br\/isf\/wp-json\/wp\/v2\/types\/post"}],"author":[{"embeddable":true,"href":"https:\/\/redebeneditina.org.br\/isf\/wp-json\/wp\/v2\/users\/4"}],"replies":[{"embeddable":true,"href":"https:\/\/redebeneditina.org.br\/isf\/wp-json\/wp\/v2\/comments?post=20108"}],"version-history":[{"count":0,"href":"https:\/\/redebeneditina.org.br\/isf\/wp-json\/wp\/v2\/posts\/20108\/revisions"}],"wp:featuredmedia":[{"embeddable":true,"href":"https:\/\/redebeneditina.org.br\/isf\/wp-json\/wp\/v2\/media\/20175"}],"wp:attachment":[{"href":"https:\/\/redebeneditina.org.br\/isf\/wp-json\/wp\/v2\/media?parent=20108"}],"wp:term":[{"taxonomy":"category","embeddable":true,"href":"https:\/\/redebeneditina.org.br\/isf\/wp-json\/wp\/v2\/categories?post=20108"},{"taxonomy":"post_tag","embeddable":true,"href":"https:\/\/redebeneditina.org.br\/isf\/wp-json\/wp\/v2\/tags?post=20108"}],"curies":[{"name":"wp","href":"https:\/\/api.w.org\/{rel}","templated":true}]}}