{"id":20205,"date":"2024-12-05T13:36:28","date_gmt":"2024-12-05T16:36:28","guid":{"rendered":"https:\/\/redebeneditina.org.br\/isf\/?p=20205"},"modified":"2024-12-05T13:37:47","modified_gmt":"2024-12-05T16:37:47","slug":"transformando-arte-em-expressao-5o-ano","status":"publish","type":"post","link":"https:\/\/redebeneditina.org.br\/isf\/transformando-arte-em-expressao-5o-ano\/","title":{"rendered":"Transformando Arte em Express\u00e3o! &#8211; 5\u00ba ano"},"content":{"rendered":"<p>Os alunos do 5\u00ba ano se aventuraram no universo da maquiagem art\u00edstica como parte das aulas de Arte!<\/p>\n<p>Com criatividade e t\u00e9cnica, eles exploraram muitas cores e formas, trazendo \u00e0 vida o tema trabalhado em sala, o cinema.<\/p>\n<p>Que tal conferir essas incr\u00edveis cria\u00e7\u00f5es?<\/p>\nngg_shortcode_0_placeholder\n","protected":false},"excerpt":{"rendered":"<p>Os alunos do 5\u00ba ano se aventuraram no universo da maquiagem art\u00edstica como parte das aulas de Arte! Com criatividade e t\u00e9cnica, eles exploraram muitas cores e formas, trazendo \u00e0 vida o tema trabalhado em sala, o cinema. Que tal conferir essas incr\u00edveis cria\u00e7\u00f5es?<\/p>\n","protected":false},"author":4,"featured_media":20222,"comment_status":"closed","ping_status":"closed","sticky":false,"template":"","format":"standard","meta":{"_monsterinsights_skip_tracking":false,"_monsterinsights_sitenote_active":false,"_monsterinsights_sitenote_note":"","_monsterinsights_sitenote_category":0,"ngg_post_thumbnail":0,"footnotes":""},"categories":[105,89,82],"tags":[],"class_list":["post-20205","post","type-post","status-publish","format-standard","has-post-thumbnail","hentry","category-noticia-ano2024","category-ens-fund_i","category-noticias"],"_links":{"self":[{"href":"https:\/\/redebeneditina.org.br\/isf\/wp-json\/wp\/v2\/posts\/20205","targetHints":{"allow":["GET"]}}],"collection":[{"href":"https:\/\/redebeneditina.org.br\/isf\/wp-json\/wp\/v2\/posts"}],"about":[{"href":"https:\/\/redebeneditina.org.br\/isf\/wp-json\/wp\/v2\/types\/post"}],"author":[{"embeddable":true,"href":"https:\/\/redebeneditina.org.br\/isf\/wp-json\/wp\/v2\/users\/4"}],"replies":[{"embeddable":true,"href":"https:\/\/redebeneditina.org.br\/isf\/wp-json\/wp\/v2\/comments?post=20205"}],"version-history":[{"count":0,"href":"https:\/\/redebeneditina.org.br\/isf\/wp-json\/wp\/v2\/posts\/20205\/revisions"}],"wp:featuredmedia":[{"embeddable":true,"href":"https:\/\/redebeneditina.org.br\/isf\/wp-json\/wp\/v2\/media\/20222"}],"wp:attachment":[{"href":"https:\/\/redebeneditina.org.br\/isf\/wp-json\/wp\/v2\/media?parent=20205"}],"wp:term":[{"taxonomy":"category","embeddable":true,"href":"https:\/\/redebeneditina.org.br\/isf\/wp-json\/wp\/v2\/categories?post=20205"},{"taxonomy":"post_tag","embeddable":true,"href":"https:\/\/redebeneditina.org.br\/isf\/wp-json\/wp\/v2\/tags?post=20205"}],"curies":[{"name":"wp","href":"https:\/\/api.w.org\/{rel}","templated":true}]}}