{"id":20753,"date":"2025-02-10T11:06:29","date_gmt":"2025-02-10T14:06:29","guid":{"rendered":"https:\/\/redebeneditina.org.br\/isf\/?p=20753"},"modified":"2025-02-20T11:10:21","modified_gmt":"2025-02-20T14:10:21","slug":"aula-de-robotica-6o-ao-9o-ano","status":"publish","type":"post","link":"https:\/\/redebeneditina.org.br\/isf\/aula-de-robotica-6o-ao-9o-ano\/","title":{"rendered":"Aula de Rob\u00f3tica &#8211; 6\u00ba ao 9\u00ba ano"},"content":{"rendered":"<h2>Primeira aula de Rob\u00f3tica para os alunos do 6\u00ba ao 9\u00ba ano no Instituto Sagrada Fam\u00edlia!<\/h2>\n<p>&nbsp;<\/p>\n<p>A aventura come\u00e7ou! Nossos alunos do 6\u00ba ao 9\u00ba ano tiveram a primeira aula de Rob\u00f3tica e j\u00e1 est\u00e3o explorando todo o material da Zoom.<\/p>\n<p>Um ano de descobertas, desafios e muita inova\u00e7\u00e3o nos espera! Quem a\u00ed est\u00e1 animado para colocar a criatividade em a\u00e7\u00e3o?<\/p>\n<p>Confira o v\u00eddeo em nosso Instagram: <a href=\"https:\/\/www.instagram.com\/p\/DF5gPhppzsb\/\">https:\/\/www.instagram.com\/p\/DF5gPhppzsb\/<\/a><\/p>\n","protected":false},"excerpt":{"rendered":"<p>Primeira aula de Rob\u00f3tica para os alunos do 6\u00ba ao 9\u00ba ano no Instituto Sagrada Fam\u00edlia! &nbsp; A aventura come\u00e7ou! Nossos alunos do 6\u00ba ao 9\u00ba ano tiveram a primeira aula de Rob\u00f3tica e j\u00e1 est\u00e3o explorando todo o material da Zoom. Um ano de descobertas, desafios e muita inova\u00e7\u00e3o nos espera! Quem a\u00ed est\u00e1&#8230;<\/p>\n","protected":false},"author":4,"featured_media":20754,"comment_status":"closed","ping_status":"closed","sticky":false,"template":"","format":"standard","meta":{"_monsterinsights_skip_tracking":false,"_monsterinsights_sitenote_active":false,"_monsterinsights_sitenote_note":"","_monsterinsights_sitenote_category":0,"ngg_post_thumbnail":0,"footnotes":""},"categories":[107,90,82],"tags":[],"class_list":["post-20753","post","type-post","status-publish","format-standard","has-post-thumbnail","hentry","category-notcias-ano2025","category-ens-fund_ii","category-noticias"],"_links":{"self":[{"href":"https:\/\/redebeneditina.org.br\/isf\/wp-json\/wp\/v2\/posts\/20753","targetHints":{"allow":["GET"]}}],"collection":[{"href":"https:\/\/redebeneditina.org.br\/isf\/wp-json\/wp\/v2\/posts"}],"about":[{"href":"https:\/\/redebeneditina.org.br\/isf\/wp-json\/wp\/v2\/types\/post"}],"author":[{"embeddable":true,"href":"https:\/\/redebeneditina.org.br\/isf\/wp-json\/wp\/v2\/users\/4"}],"replies":[{"embeddable":true,"href":"https:\/\/redebeneditina.org.br\/isf\/wp-json\/wp\/v2\/comments?post=20753"}],"version-history":[{"count":0,"href":"https:\/\/redebeneditina.org.br\/isf\/wp-json\/wp\/v2\/posts\/20753\/revisions"}],"wp:featuredmedia":[{"embeddable":true,"href":"https:\/\/redebeneditina.org.br\/isf\/wp-json\/wp\/v2\/media\/20754"}],"wp:attachment":[{"href":"https:\/\/redebeneditina.org.br\/isf\/wp-json\/wp\/v2\/media?parent=20753"}],"wp:term":[{"taxonomy":"category","embeddable":true,"href":"https:\/\/redebeneditina.org.br\/isf\/wp-json\/wp\/v2\/categories?post=20753"},{"taxonomy":"post_tag","embeddable":true,"href":"https:\/\/redebeneditina.org.br\/isf\/wp-json\/wp\/v2\/tags?post=20753"}],"curies":[{"name":"wp","href":"https:\/\/api.w.org\/{rel}","templated":true}]}}